{"id":31429,"date":"2026-05-01T14:08:28","date_gmt":"2026-05-01T14:08:28","guid":{"rendered":"https:\/\/eskigazeteci.com\/?p=31429"},"modified":"2026-05-01T14:08:28","modified_gmt":"2026-05-01T14:08:28","slug":"bakanliktan-hasbi-dedeye-verilen-cezaya-itiraz-ceza-ust-sinirdan-belirlenmeli","status":"publish","type":"post","link":"https:\/\/eskigazeteci.com\/?p=31429","title":{"rendered":"Bakanl\u0131ktan Hasbi Dede&#8217;ye verilen cezaya itiraz: &#8216;Ceza \u00fcst s\u0131n\u0131rdan belirlenmeli&#8217;"},"content":{"rendered":"<p>Hasbi Dede, G\u00f6rele Cumhuriyet Ba\u015fsavc\u0131l\u0131\u011f\u0131&#x27;nca &#x27;\u00c7ocu\u011fa kar\u015f\u0131 cinsel taciz &#x27; su\u00e7undan y\u00fcr\u00fct\u00fclen soru\u015fturma kapsam\u0131nda 10 \u015eubat&#x27;ta tutukland\u0131. G\u00f6rele 1&#x27;inci Asliye Ceza Mahkemesi&#x27;nde d\u00fcn kapal\u0131 olarak g\u00f6r\u00fclen duru\u015fmada; Hasbi Dede&#x27;ye &#x27;\u00c7ocu\u011fa kar\u015f\u0131 elektronik haberle\u015fme ara\u00e7lar\u0131n\u0131n sa\u011flad\u0131\u011f\u0131 kolayl\u0131ktan faydalanmak suretiyle cinsel taciz&#x27; su\u00e7undan 1 y\u0131l 6 ay hapis cezas\u0131 karar\u0131 verilirken, h\u00fckm\u00fcn a\u00e7\u0131klanmas\u0131 geri b\u0131rak\u0131ld\u0131. Ayr\u0131ca Hasbi Dede&#x27;nin k\u0131z\u0131 A.B. Dede&#x27;nin, &#x27;Su\u00e7 \u00fcstlenme&#x27; su\u00e7undan 16 g\u00fcn hapis cezas\u0131 ile cezaland\u0131r\u0131lmas\u0131na ve h\u00fckm\u00fcn a\u00e7\u0131klanmas\u0131n\u0131n geri b\u0131rak\u0131lmas\u0131na karar verildi.<\/p>\n<p>&quot;CEZA \u00dcST SINIRDAN BEL\u0130RLENMEL\u0130&quot;<\/p>\n<p>Karar sonras\u0131 harekete ge\u00e7en Aile ve Sosyal Hizmetler Bakanl\u0131\u011f\u0131, Hasbi Dede &#x27;ye verilen cezaya itirazda bulunulacak. Bakanl\u0131k kaynaklar\u0131ndan yap\u0131lan a\u00e7\u0131klamada, cezan\u0131n \u00fcst s\u0131n\u0131rdan verilmesi gerekti\u011fi belirtilerek, &quot;Mahkeme \u00fcst s\u0131n\u0131rdan verseydi ceza 4,5 y\u0131la kadar \u00e7\u0131kabilirdi. 4,5 y\u0131l ceza vermemesini hakl\u0131 g\u00f6sterecek bir gerek\u00e7e olmamas\u0131, cezan\u0131n \u00fcst s\u0131n\u0131rdan belirlenmesi gerekti\u011fi y\u00f6n\u00fcnden karara itiraz edece\u011fiz&quot; ifadelerine yer verildi.<\/p>\n<p>T\u00fcrkiye g\u00fcndeminden son dakika haberleri, bug\u00fcn ya\u015fanan en son geli\u015fmeler, siyaset g\u00fcndeminden g\u00fcncel haberler ve b\u00fct\u00fcn son&#8230;<\/p>\n","protected":false},"excerpt":{"rendered":"<p>Aile ve Sosyal Hizmetler Bakanl\u0131\u011f\u0131, G\u00f6rele Belediye Ba\u015fkanl\u0131\u011f\u0131 g\u00f6revinden uzakla\u015ft\u0131r\u0131lan Hasbi Dede&#8217;ye &#8216;\u00c7ocu\u011fa kar\u015f\u0131 cinsel taciz&#8217; su\u00e7undan yarg\u0131land\u0131\u011f\u0131&#8230;<\/p>\n","protected":false},"author":2,"featured_media":31428,"comment_status":"open","ping_status":"open","sticky":false,"template":"","format":"standard","meta":{"footnotes":""},"categories":[6,5],"tags":[],"class_list":["post-31429","post","type-post","status-publish","format-standard","has-post-thumbnail","hentry","category-gundem","category-son-dakika"],"_links":{"self":[{"href":"https:\/\/eskigazeteci.com\/index.php?rest_route=\/wp\/v2\/posts\/31429","targetHints":{"allow":["GET"]}}],"collection":[{"href":"https:\/\/eskigazeteci.com\/index.php?rest_route=\/wp\/v2\/posts"}],"about":[{"href":"https:\/\/eskigazeteci.com\/index.php?rest_route=\/wp\/v2\/types\/post"}],"author":[{"embeddable":true,"href":"https:\/\/eskigazeteci.com\/index.php?rest_route=\/wp\/v2\/users\/2"}],"replies":[{"embeddable":true,"href":"https:\/\/eskigazeteci.com\/index.php?rest_route=%2Fwp%2Fv2%2Fcomments&post=31429"}],"version-history":[{"count":0,"href":"https:\/\/eskigazeteci.com\/index.php?rest_route=\/wp\/v2\/posts\/31429\/revisions"}],"wp:featuredmedia":[{"embeddable":true,"href":"https:\/\/eskigazeteci.com\/index.php?rest_route=\/wp\/v2\/media\/31428"}],"wp:attachment":[{"href":"https:\/\/eskigazeteci.com\/index.php?rest_route=%2Fwp%2Fv2%2Fmedia&parent=31429"}],"wp:term":[{"taxonomy":"category","embeddable":true,"href":"https:\/\/eskigazeteci.com\/index.php?rest_route=%2Fwp%2Fv2%2Fcategories&post=31429"},{"taxonomy":"post_tag","embeddable":true,"href":"https:\/\/eskigazeteci.com\/index.php?rest_route=%2Fwp%2Fv2%2Ftags&post=31429"}],"curies":[{"name":"wp","href":"https:\/\/api.w.org\/{rel}","templated":true}]}}