{"id":31427,"date":"2026-05-01T14:06:55","date_gmt":"2026-05-01T14:06:55","guid":{"rendered":"https:\/\/eskigazeteci.com\/?p=31427"},"modified":"2026-05-01T14:06:55","modified_gmt":"2026-05-01T14:06:55","slug":"turkiyeden-irakta-yeni-hukumeti-kurmakla-gorevlendirilen-ali-zeydiye-tebrik-mesaji","status":"publish","type":"post","link":"https:\/\/eskigazeteci.com\/?p=31427","title":{"rendered":"T\u00fcrkiye&#8217;den, Irak&#8217;ta yeni h\u00fck\u00fcmeti kurmakla g\u00f6revlendirilen Ali Zeydi&#8217;ye tebrik mesaj\u0131"},"content":{"rendered":"<p>D\u0131\u015fi\u015fleri Bakanl\u0131\u011f\u0131, Irak Temsilciler Meclisi Ba\u015fkan\u0131 ve Cumhurba\u015fkan\u0131 se\u00e7imlerinin ard\u0131ndan h\u00fck\u00fcmeti kurma g\u00f6revinin Ali Zeydi\u2019ye verilmesine ili\u015fkin yaz\u0131l\u0131 a\u00e7\u0131klamada bulundu.<\/p>\n<p>Bakanl\u0131ktan yap\u0131lan yaz\u0131l\u0131 a\u00e7\u0131klamada, Irak Temsilciler Meclisi Ba\u015fkan\u0131 ve Cumhurba\u015fkan\u0131 se\u00e7imlerinin ard\u0131ndan, anayasal s\u00fcre\u00e7 kapsam\u0131nda, Irak&#x27;ta yeni h\u00fck\u00fcmeti kurmakla g\u00f6revlendirilen Ali Zeydi&#x27;nin tebrik edildi\u011fi; bu geli\u015fmenin Irak halk\u0131na hay\u0131rl\u0131 olmas\u0131n\u0131n dilendi\u011fi bildirildi.<\/p>\n<p>A\u00e7\u0131klamada, Irak&#x27;ta yeni h\u00fck\u00fcmetin te\u015fkili s\u00fcrecinin bir an \u00f6nce tamamlanmas\u0131n\u0131n \u00fcmit edildi\u011fi belirtilerek &quot;Irak\u2019la sahip oldu\u011fumuz derin tarihi, be\u015feri, k\u00fclt\u00fcrel ve iktisadi ili\u015fkilerden g\u00fc\u00e7 alarak tesis etti\u011fimiz stratejik ve kurumsal i\u015fbirli\u011fini b\u00f6lgesel boyutlar\u0131 da kapsayacak \u015fekilde \u00f6n\u00fcm\u00fczdeki d\u00f6nemde daha da ilerletmeyi hedefliyoruz.&quot; ifadelerine yer verildi.<\/p>\n<p>Irak Cumhurba\u015fkan\u0131 Nizar Amedi, 27 Nisan&#x27;da Meclisteki en b\u00fcy\u00fck grup olan Koordinasyon \u00c7er\u00e7evesi&#x27;nin ba\u015fbakan aday\u0131 olarak g\u00f6sterdi\u011fi i\u015f insan\u0131 Ali Zeydi &#x27;ye h\u00fck\u00fcmeti kurma g\u00f6revini vermi\u015fti.<\/p>\n<p>Irak \u2019taki bir\u00e7ok \u015eii, S\u00fcnni, K\u00fcrt ve T\u00fcrkmen siyasi parti de Zeydi&#x27;yi tebrik ederek destek mesajlar\u0131 yay\u0131mlam\u0131\u015ft\u0131.<\/p>\n<p>Zeydi&#x27;nin, g\u00f6revlendirme mektubunu almas\u0131n\u0131n ard\u0131ndan&#8230;<\/p>\n","protected":false},"excerpt":{"rendered":"<p>D\u0131\u015fi\u015fleri Bakanl\u0131\u011f\u0131, Irak\u2019ta anayasal s\u00fcre\u00e7 kapsam\u0131nda yeni h\u00fck\u00fcmeti kurmakla g\u00f6revlendirilen Ali Zeydi\u2019yi tebrik ederek, s\u00f6z konusu geli\u015fmenin Irak halk\u0131na&#8230;<\/p>\n","protected":false},"author":2,"featured_media":31426,"comment_status":"open","ping_status":"open","sticky":false,"template":"","format":"standard","meta":{"footnotes":""},"categories":[6,5],"tags":[],"class_list":["post-31427","post","type-post","status-publish","format-standard","has-post-thumbnail","hentry","category-gundem","category-son-dakika"],"_links":{"self":[{"href":"https:\/\/eskigazeteci.com\/index.php?rest_route=\/wp\/v2\/posts\/31427","targetHints":{"allow":["GET"]}}],"collection":[{"href":"https:\/\/eskigazeteci.com\/index.php?rest_route=\/wp\/v2\/posts"}],"about":[{"href":"https:\/\/eskigazeteci.com\/index.php?rest_route=\/wp\/v2\/types\/post"}],"author":[{"embeddable":true,"href":"https:\/\/eskigazeteci.com\/index.php?rest_route=\/wp\/v2\/users\/2"}],"replies":[{"embeddable":true,"href":"https:\/\/eskigazeteci.com\/index.php?rest_route=%2Fwp%2Fv2%2Fcomments&post=31427"}],"version-history":[{"count":0,"href":"https:\/\/eskigazeteci.com\/index.php?rest_route=\/wp\/v2\/posts\/31427\/revisions"}],"wp:featuredmedia":[{"embeddable":true,"href":"https:\/\/eskigazeteci.com\/index.php?rest_route=\/wp\/v2\/media\/31426"}],"wp:attachment":[{"href":"https:\/\/eskigazeteci.com\/index.php?rest_route=%2Fwp%2Fv2%2Fmedia&parent=31427"}],"wp:term":[{"taxonomy":"category","embeddable":true,"href":"https:\/\/eskigazeteci.com\/index.php?rest_route=%2Fwp%2Fv2%2Fcategories&post=31427"},{"taxonomy":"post_tag","embeddable":true,"href":"https:\/\/eskigazeteci.com\/index.php?rest_route=%2Fwp%2Fv2%2Ftags&post=31427"}],"curies":[{"name":"wp","href":"https:\/\/api.w.org\/{rel}","templated":true}]}}