{"id":31423,"date":"2026-05-01T13:50:04","date_gmt":"2026-05-01T13:50:04","guid":{"rendered":"https:\/\/eskigazeteci.com\/?p=31423"},"modified":"2026-05-01T13:50:04","modified_gmt":"2026-05-01T13:50:04","slug":"neneden-fenerbahceye-kotu-haber-yildiz-futbolcu-ameliyat-masasina-yatacak","status":"publish","type":"post","link":"https:\/\/eskigazeteci.com\/?p=31423","title":{"rendered":"Nene&#8217;den Fenerbah\u00e7e&#8217;ye k\u00f6t\u00fc haber! Y\u0131ld\u0131z futbolcu ameliyat masas\u0131na yatacak"},"content":{"rendered":"<p>Fenerbah\u00e7e , S\u00fcper Lig&#x27;in 32. haftas\u0131nda yar\u0131n Ba\u015fak\u015fehir&#x27;i konuk edecek. Chobani Stad\u0131&#x27;nda oynanacak m\u00fcsabaka saat 20.00&#x27;de ba\u015flayacak.<\/p>\n<p>Zorlu m\u00fccadele \u00f6ncesinde sar\u0131-lacivertlilere Dorgeles Nene&#x27;den k\u00f6t\u00fc haber geldi.<\/p>\n<p>AMEL\u0130YAT OLMASI BEKLEN\u0130YOR!<\/p>\n<p>TRT Spor&#x27;un haberine g\u00f6re; 23 ya\u015f\u0131ndaki futbolcuda tespit edilen sporcu f\u0131t\u0131\u011f\u0131 nedeniyle a\u011fr\u0131lar\u0131 artt\u0131. Nene i\u00e7in M\u00fcnih&#x27;te alternatif t\u0131p denendi ancak sonu\u00e7 al\u0131namad\u0131.<\/p>\n<p>Ameliyat olmas\u0131 beklenen Malili futbolcu yar\u0131n ak\u015famki Ba\u015fak\u015fehir ma\u00e7\u0131nda forma giyemeyecek.<\/p>\n<p>PERFORMANSI<\/p>\n<p>Dorgeles Nene bu sezon Fenerbah\u00e7e formas\u0131yla ligde 25 ma\u00e7ta 10 gol at\u0131p 7 de asist yapt\u0131.<\/p>\n<p>T\u00fcrkiye&#x27;den ve D\u00fcnya\u2019dan son dakika haberleri, k\u00f6\u015fe yaz\u0131lar\u0131, magazinden siyasete, spordan seyahate b\u00fct\u00fcn konular\u0131n tek adresi Hurriyet.com.tr haber i\u00e7erikleri izin al\u0131nmadan, kaynak g\u00f6sterilerek dahi iktibas edilemez. Kanuna ayk\u0131r\u0131 ve izinsiz olarak kopyalanamaz, ba\u015fka yerde yay\u0131nlanamaz.<\/p>\n","protected":false},"excerpt":{"rendered":"<p>S\u00fcper Lig&#8217;in 32. haftas\u0131nda yar\u0131n Ba\u015fak\u015fehir&#8217;i konuk edecek olan Fenerbah\u00e7e&#8217;de Nene, artan a\u011fr\u0131lar\u0131 nedeniyle ma\u00e7ta forma giyemeyecek.<\/p>\n","protected":false},"author":2,"featured_media":31422,"comment_status":"open","ping_status":"open","sticky":false,"template":"","format":"standard","meta":{"footnotes":""},"categories":[5,7],"tags":[],"class_list":["post-31423","post","type-post","status-publish","format-standard","has-post-thumbnail","hentry","category-son-dakika","category-spor"],"_links":{"self":[{"href":"https:\/\/eskigazeteci.com\/index.php?rest_route=\/wp\/v2\/posts\/31423","targetHints":{"allow":["GET"]}}],"collection":[{"href":"https:\/\/eskigazeteci.com\/index.php?rest_route=\/wp\/v2\/posts"}],"about":[{"href":"https:\/\/eskigazeteci.com\/index.php?rest_route=\/wp\/v2\/types\/post"}],"author":[{"embeddable":true,"href":"https:\/\/eskigazeteci.com\/index.php?rest_route=\/wp\/v2\/users\/2"}],"replies":[{"embeddable":true,"href":"https:\/\/eskigazeteci.com\/index.php?rest_route=%2Fwp%2Fv2%2Fcomments&post=31423"}],"version-history":[{"count":0,"href":"https:\/\/eskigazeteci.com\/index.php?rest_route=\/wp\/v2\/posts\/31423\/revisions"}],"wp:featuredmedia":[{"embeddable":true,"href":"https:\/\/eskigazeteci.com\/index.php?rest_route=\/wp\/v2\/media\/31422"}],"wp:attachment":[{"href":"https:\/\/eskigazeteci.com\/index.php?rest_route=%2Fwp%2Fv2%2Fmedia&parent=31423"}],"wp:term":[{"taxonomy":"category","embeddable":true,"href":"https:\/\/eskigazeteci.com\/index.php?rest_route=%2Fwp%2Fv2%2Fcategories&post=31423"},{"taxonomy":"post_tag","embeddable":true,"href":"https:\/\/eskigazeteci.com\/index.php?rest_route=%2Fwp%2Fv2%2Ftags&post=31423"}],"curies":[{"name":"wp","href":"https:\/\/api.w.org\/{rel}","templated":true}]}}