{"id":31419,"date":"2026-05-01T13:46:53","date_gmt":"2026-05-01T13:46:53","guid":{"rendered":"https:\/\/eskigazeteci.com\/?p=31419"},"modified":"2026-05-01T13:46:53","modified_gmt":"2026-05-01T13:46:53","slug":"ruhi-sarinin-baba-acisi","status":"publish","type":"post","link":"https:\/\/eskigazeteci.com\/?p=31419","title":{"rendered":"Ruhi Sar\u0131&#8217;n\u0131n baba ac\u0131s\u0131"},"content":{"rendered":"<p>Ac\u0131 haberi Sar\u0131&#x27;n\u0131n menajeri Abdullah Bulut duyurdu:<\/p>\n<p>&quot;Oyuncumuz Ruhi Sar\u0131 &#x27;n\u0131n de\u011ferli babas\u0131n\u0131n vefat\u0131n\u0131 b\u00fcy\u00fck bir \u00fcz\u00fcnt\u00fcyle \u00f6\u011frenmi\u015f bulunuyoruz. Cenaze t\u00f6reni , 2 May\u0131s&#x27;ta Kartal U\u011fur Mumcu Mahallesi Yunus Emre Camii&#x27;nde \u00f6\u011fle namaz\u0131na m\u00fcteakip k\u0131l\u0131nacak cenaze namaz\u0131n\u0131n ard\u0131ndan \u015eekerp\u0131nar Merkez Kabristan\u0131&#x27;na defnedilecektir. Merhuma Allah&#x27;tan rahmet, ba\u015fta Ruhi Sar\u0131 olmak \u00fczere ailesine ve t\u00fcm sevenlerine ba\u015fsa\u011fl\u0131\u011f\u0131 diliyoruz. &quot;<\/p>\n<p>T\u00fcrkiye&#x27;den ve D\u00fcnya\u2019dan son dakika haberleri, k\u00f6\u015fe yaz\u0131lar\u0131, magazinden siyasete, spordan seyahate b\u00fct\u00fcn konular\u0131n tek adresi Hurriyet.com.tr haber i\u00e7erikleri izin al\u0131nmadan, kaynak g\u00f6sterilerek dahi iktibas edilemez. Kanuna ayk\u0131r\u0131 ve izinsiz olarak kopyalanamaz, ba\u015fka yerde yay\u0131nlanamaz.<\/p>\n","protected":false},"excerpt":{"rendered":"<p>Oyuncu Ruhi Sar\u0131&#8217;n\u0131n babas\u0131 Osman Sar\u0131 hayat\u0131n\u0131 kaybetti.<\/p>\n","protected":false},"author":2,"featured_media":31418,"comment_status":"open","ping_status":"open","sticky":false,"template":"","format":"standard","meta":{"footnotes":""},"categories":[6,5],"tags":[],"class_list":["post-31419","post","type-post","status-publish","format-standard","has-post-thumbnail","hentry","category-gundem","category-son-dakika"],"_links":{"self":[{"href":"https:\/\/eskigazeteci.com\/index.php?rest_route=\/wp\/v2\/posts\/31419","targetHints":{"allow":["GET"]}}],"collection":[{"href":"https:\/\/eskigazeteci.com\/index.php?rest_route=\/wp\/v2\/posts"}],"about":[{"href":"https:\/\/eskigazeteci.com\/index.php?rest_route=\/wp\/v2\/types\/post"}],"author":[{"embeddable":true,"href":"https:\/\/eskigazeteci.com\/index.php?rest_route=\/wp\/v2\/users\/2"}],"replies":[{"embeddable":true,"href":"https:\/\/eskigazeteci.com\/index.php?rest_route=%2Fwp%2Fv2%2Fcomments&post=31419"}],"version-history":[{"count":0,"href":"https:\/\/eskigazeteci.com\/index.php?rest_route=\/wp\/v2\/posts\/31419\/revisions"}],"wp:featuredmedia":[{"embeddable":true,"href":"https:\/\/eskigazeteci.com\/index.php?rest_route=\/wp\/v2\/media\/31418"}],"wp:attachment":[{"href":"https:\/\/eskigazeteci.com\/index.php?rest_route=%2Fwp%2Fv2%2Fmedia&parent=31419"}],"wp:term":[{"taxonomy":"category","embeddable":true,"href":"https:\/\/eskigazeteci.com\/index.php?rest_route=%2Fwp%2Fv2%2Fcategories&post=31419"},{"taxonomy":"post_tag","embeddable":true,"href":"https:\/\/eskigazeteci.com\/index.php?rest_route=%2Fwp%2Fv2%2Ftags&post=31419"}],"curies":[{"name":"wp","href":"https:\/\/api.w.org\/{rel}","templated":true}]}}