{"id":31417,"date":"2026-05-01T13:36:53","date_gmt":"2026-05-01T13:36:53","guid":{"rendered":"https:\/\/eskigazeteci.com\/?p=31417"},"modified":"2026-05-01T13:36:53","modified_gmt":"2026-05-01T13:36:53","slug":"israilde-mizrak-alarmi-menzili-1000-km-hizla-onlem-alinmali","status":"publish","type":"post","link":"https:\/\/eskigazeteci.com\/?p=31417","title":{"rendered":"\u0130srail&#8217;de &#8216;MIZRAK&#8217; alarm\u0131: Menzili 1000 KM&#8230; &#8216;H\u0131zla \u00f6nlem al\u0131nmal\u0131&#8217;"},"content":{"rendered":"<p>Baykar taraf\u0131ndan geli\u015ftirilen &quot;MIZRAK Ak\u0131ll\u0131 Dolanan M\u00fchimmat&quot;, \u0130srail bas\u0131n\u0131nda geni\u015f yank\u0131 uyand\u0131rd\u0131. 1000 kilometreyi a\u015fan menzili ve yapay zek\u00e2 destekli otonom kabiliyetleriyle \u00f6ne \u00e7\u0131kan sistem, b\u00f6lgesel dengeler a\u00e7\u0131s\u0131ndan dikkatle izleniyor.<\/p>\n<p>\u201c1000 KM MENZ\u0130LL\u0130 S\u0130LAH\u201d VURGUSU<\/p>\n<p>Tel Aviv merkezli Nziv, \u201c1000 km menzilli silah: T\u00fcrkiye, \u0130srail i\u00e7in tehdit seviyesini y\u00fckseltiyor\u201d ba\u015fl\u0131kl\u0131 haberinde \u015fu ifadelere yer verdi:<\/p>\n<p>\u201cT\u00fcrk \u015firketi Baykar, MIZRAK adl\u0131 Ankara\u2019n\u0131n yeni \u00e7\u0131\u011f\u0131r a\u00e7an m\u00fchimmat\u0131n\u0131 tan\u0131tt\u0131. Bu m\u00fchimmat, T\u00fcrkiye&#x27;nin askeri yeteneklerinde \u00f6nemli bir ilerlemeyi temsil ediyor ve b\u00f6lge i\u00e7in stratejik sonu\u00e7lar do\u011furuyor.\u201d<\/p>\n<p>\u201cOPERASYONEL DER\u0130NL\u0130K\u201d STRATEJ\u0130S\u0130NE D\u0130KKAT \u00c7EK\u0130LD\u0130<\/p>\n<p>Haberde, MIZRAK\u2019\u0131n 1000 kilometreyi a\u015fan menzili ve 7 saatten fazla havada kalma s\u00fcresi \u00f6ne \u00e7\u0131kar\u0131ld\u0131.<\/p>\n<p>\u201cBu geli\u015fme, T\u00fcrkiye&#x27;nin insanl\u0131 sava\u015f u\u00e7aklar\u0131na veya ileri \u00fcslere ihtiya\u00e7 duymadan s\u0131n\u0131rlar\u0131n\u0131n \u00e7ok uza\u011f\u0131nda hassas vuru\u015flar yapmay\u0131 ama\u00e7layan \u2018operasyonel derinlik\u2019 stratejisinin bir par\u00e7as\u0131d\u0131r. MIZRAK ve K2 kamikaze \u0130HA gibi yeni sistemler adeta asimetrik sava\u015f\u0131n \u00e7ehresini de\u011fi\u015ftirmek; T\u00fcrkiye&#x27;nin Orta Do\u011fu ve Afrika&#x27;daki g\u00fc\u00e7l\u00fc n\u00fcfuzunu per\u00e7inlemek i\u00e7in tasarlanm\u0131\u015f gibi duruyor.\u201d<\/p>\n<p>\u201c\u0130SRA\u0130L DO\u011eRUDAN&#8230;<\/p>\n","protected":false},"excerpt":{"rendered":"<p>Baykar\u2019\u0131n 1000 kilometreyi a\u015fan menzile sahip MIZRAK m\u00fchimmat\u0131, \u0130srail bas\u0131n\u0131nda \u201cyeni nesil tehdit\u201d olarak de\u011ferlendirildi. Yapay zek\u00e2 destekli ve s\u00fcr\u00fc&#8230;<\/p>\n","protected":false},"author":2,"featured_media":31416,"comment_status":"open","ping_status":"open","sticky":false,"template":"","format":"standard","meta":{"footnotes":""},"categories":[6,5],"tags":[],"class_list":["post-31417","post","type-post","status-publish","format-standard","has-post-thumbnail","hentry","category-gundem","category-son-dakika"],"_links":{"self":[{"href":"https:\/\/eskigazeteci.com\/index.php?rest_route=\/wp\/v2\/posts\/31417","targetHints":{"allow":["GET"]}}],"collection":[{"href":"https:\/\/eskigazeteci.com\/index.php?rest_route=\/wp\/v2\/posts"}],"about":[{"href":"https:\/\/eskigazeteci.com\/index.php?rest_route=\/wp\/v2\/types\/post"}],"author":[{"embeddable":true,"href":"https:\/\/eskigazeteci.com\/index.php?rest_route=\/wp\/v2\/users\/2"}],"replies":[{"embeddable":true,"href":"https:\/\/eskigazeteci.com\/index.php?rest_route=%2Fwp%2Fv2%2Fcomments&post=31417"}],"version-history":[{"count":0,"href":"https:\/\/eskigazeteci.com\/index.php?rest_route=\/wp\/v2\/posts\/31417\/revisions"}],"wp:featuredmedia":[{"embeddable":true,"href":"https:\/\/eskigazeteci.com\/index.php?rest_route=\/wp\/v2\/media\/31416"}],"wp:attachment":[{"href":"https:\/\/eskigazeteci.com\/index.php?rest_route=%2Fwp%2Fv2%2Fmedia&parent=31417"}],"wp:term":[{"taxonomy":"category","embeddable":true,"href":"https:\/\/eskigazeteci.com\/index.php?rest_route=%2Fwp%2Fv2%2Fcategories&post=31417"},{"taxonomy":"post_tag","embeddable":true,"href":"https:\/\/eskigazeteci.com\/index.php?rest_route=%2Fwp%2Fv2%2Ftags&post=31417"}],"curies":[{"name":"wp","href":"https:\/\/api.w.org\/{rel}","templated":true}]}}