{"id":31415,"date":"2026-05-01T13:26:53","date_gmt":"2026-05-01T13:26:53","guid":{"rendered":"https:\/\/eskigazeteci.com\/?p=31415"},"modified":"2026-05-01T13:26:53","modified_gmt":"2026-05-01T13:26:53","slug":"sahnelerin-yildizinin-33-yas-genc-sevgilisi-iliskisini-savundu-o-benimle-cok-mutlu-ne-kadar-sansli-bir-adam-oldugunu-biliyor","status":"publish","type":"post","link":"https:\/\/eskigazeteci.com\/?p=31415","title":{"rendered":"Sahnelerin y\u0131ld\u0131z\u0131n\u0131n, 33 ya\u015f gen\u00e7 sevgilisi ili\u015fkisini savundu: O benimle \u00e7ok mutlu&#8230; Ne kadar \u015fansl\u0131 bir adam oldu\u011funu biliyor!"},"content":{"rendered":"<p>Bu durumun en \u00e7ok dikkate de\u011fer \u00f6rnekleri de g\u00f6steri d\u00fcnyas\u0131nda g\u00f6r\u00fcl\u00fcyor zaten.<\/p>\n<p>Genellikle erkek \u00fcnl\u00fcler, belki de \u00e7ocuklar\u0131 olabilecek ya\u015ftaki gen\u00e7 kad\u0131nlarla a\u015fk ya\u015fad\u0131klar\u0131nda bir anda b\u00fct\u00fcn g\u00f6zler onlara \u00e7evriliyor.<\/p>\n<p>33 YA\u015e FARK MUTLULU\u011eA ENGEL DE\u011e\u0130L Yar\u0131 ya\u015f\u0131ndaki sevgilisiyle konu\u015fulan ki\u015filerden biri de Red Hot Chili Peppers grubunun solisti Anthony Kiedis\u2026<\/p>\n<p>63 ya\u015f\u0131ndaki Kiedis, bir s\u00fcredir 30 ya\u015f\u0131ndaki Eileen Kelly ile birlikte.<\/p>\n<p>\u00dcstelik \u00e7ift a\u015fklar\u0131n\u0131 saklam\u0131yor.<\/p>\n<p>Hatta Kelly, bu konuda bir makale bile kaleme ald\u0131. S\u00f6z konusu makale de Vogue dergisinde yay\u0131nland\u0131.<\/p>\n<p>NE KADAR \u015eANSLI OLDU\u011eUNUN FARKINDA Eileen Kelly&#x27;nin, kendisinden 33 ya\u015f b\u00fcy\u00fck sevgilisi Anthony Kiedis ile ili\u015fkisini ve buna benzer beraberlikleri masaya yat\u0131rd\u0131\u011f\u0131 bu incelemenin ba\u015fl\u0131\u011f\u0131 &quot;Erkek Arkada\u015f\u0131m Benden \u0130ki Kat Daha Ya\u015fl\u0131&#x27;&#8230;<\/p>\n<p>Kelly makalesinde &quot;G\u00f6r\u00fcn\u00fc\u015fe g\u00f6re benden \u00e7ok daha ya\u015fl\u0131 olan erkek arkada\u015f\u0131m, benimle birlikte olmaktan ger\u00e7ekten heyecan duyuyor&quot; diye yazd\u0131.<\/p>\n<p>Hatta daha da ileri gidip &quot;Ne kadar \u015fansl\u0131 oldu\u011funun da kesinlikle fark\u0131nda&quot; c\u00fcmlesine yer verdi.<\/p>\n<p>ARKADA\u015e OLACAKLARINI SANMI\u015e Bir t\u00fcr ili\u015fki e\u011fitmeni olan ve ayn\u0131 zamanda Going Mental adl\u0131 bir podcast de haz\u0131rlayan Kelly, Anthony Kiedis&#8230;<\/p>\n","protected":false},"excerpt":{"rendered":"<p>Her ne kadar a\u015fk\u0131n ya\u015f\u0131 olmasa da hatta a\u015f\u0131\u011fa ya\u015f sorulmasa da e\u015f ya da sevgililer aras\u0131ndaki &#8216;do\u011fum tarihi&#8217; fark\u0131 her zaman tart\u0131\u015fma konusu olmaya devam&#8230;<\/p>\n","protected":false},"author":2,"featured_media":31414,"comment_status":"open","ping_status":"open","sticky":false,"template":"","format":"standard","meta":{"footnotes":""},"categories":[6,5],"tags":[],"class_list":["post-31415","post","type-post","status-publish","format-standard","has-post-thumbnail","hentry","category-gundem","category-son-dakika"],"_links":{"self":[{"href":"https:\/\/eskigazeteci.com\/index.php?rest_route=\/wp\/v2\/posts\/31415","targetHints":{"allow":["GET"]}}],"collection":[{"href":"https:\/\/eskigazeteci.com\/index.php?rest_route=\/wp\/v2\/posts"}],"about":[{"href":"https:\/\/eskigazeteci.com\/index.php?rest_route=\/wp\/v2\/types\/post"}],"author":[{"embeddable":true,"href":"https:\/\/eskigazeteci.com\/index.php?rest_route=\/wp\/v2\/users\/2"}],"replies":[{"embeddable":true,"href":"https:\/\/eskigazeteci.com\/index.php?rest_route=%2Fwp%2Fv2%2Fcomments&post=31415"}],"version-history":[{"count":0,"href":"https:\/\/eskigazeteci.com\/index.php?rest_route=\/wp\/v2\/posts\/31415\/revisions"}],"wp:featuredmedia":[{"embeddable":true,"href":"https:\/\/eskigazeteci.com\/index.php?rest_route=\/wp\/v2\/media\/31414"}],"wp:attachment":[{"href":"https:\/\/eskigazeteci.com\/index.php?rest_route=%2Fwp%2Fv2%2Fmedia&parent=31415"}],"wp:term":[{"taxonomy":"category","embeddable":true,"href":"https:\/\/eskigazeteci.com\/index.php?rest_route=%2Fwp%2Fv2%2Fcategories&post=31415"},{"taxonomy":"post_tag","embeddable":true,"href":"https:\/\/eskigazeteci.com\/index.php?rest_route=%2Fwp%2Fv2%2Ftags&post=31415"}],"curies":[{"name":"wp","href":"https:\/\/api.w.org\/{rel}","templated":true}]}}