{"id":31411,"date":"2026-05-01T13:18:24","date_gmt":"2026-05-01T13:18:24","guid":{"rendered":"https:\/\/eskigazeteci.com\/?p=31411"},"modified":"2026-05-01T13:18:24","modified_gmt":"2026-05-01T13:18:24","slug":"burun-estetiginde-kahreden-olum-20-yasindaki-hatice-son-yolculuguna-ugurlandi","status":"publish","type":"post","link":"https:\/\/eskigazeteci.com\/?p=31411","title":{"rendered":"Burun esteti\u011finde kahreden \u00f6l\u00fcm: 20 ya\u015f\u0131ndaki Hatice, son yolculu\u011funa u\u011furland\u0131"},"content":{"rendered":"<p>Kentte ya\u015fayan Hatice \u00d6nc\u00fc, 22 Nisan&#x27;da \u00c7i\u011fli il\u00e7esindeki \u00f6zel bir hastaneye burun esteti\u011fi ameliyat\u0131 olmak i\u00e7in ba\u015fvurdu. Ameliyat s\u0131ras\u0131nda fenala\u015ft\u0131\u011f\u0131 iddia edilen \u00d6nc\u00fc, hastanenin yo\u011fun bak\u0131m servisinde tedaviye al\u0131nd\u0131. Durumunun k\u00f6t\u00fcye gitmesi \u00fczerine ertesi g\u00fcn \u0130zmir \u015eehir Hastanesi&#x27;ne sevk edilen Hatice \u00d6nc\u00fc, burada doktorlar\u0131n m\u00fcdahalelerine ra\u011fmen kurtar\u0131lamad\u0131.<\/p>\n<p>\u00d6nc\u00fc&#x27;n\u00fcn cenazesi, kesin \u00f6l\u00fcm nedeninin tespiti i\u00e7in otopsi yap\u0131lmak \u00fczere \u0130zmir Adli T\u0131p Kurumu morguna g\u00f6t\u00fcr\u00fcld\u00fc. Ailesi k\u0131zlar\u0131n\u0131n hayat\u0131n\u0131 kaybetmesinin ard\u0131ndan ameliyat\u0131n yap\u0131ld\u0131\u011f\u0131 hastane ve doktorlar hakk\u0131nda savc\u0131l\u0131\u011fa su\u00e7 duyurusunda bulundu. \u0130zmir \u0130l Sa\u011fl\u0131k M\u00fcd\u00fcrl\u00fc\u011f\u00fc olaya ili\u015fkin inceleme ba\u015flatt\u0131.<\/p>\n<p>\u0130zmir Adli T\u0131p Kurumu&#x27;nda otopsi i\u015flemleri tamamlanan Hatice \u00d6nc\u00fc&#x27;n\u00fcn cenazesi, yak\u0131nlar\u0131na teslim edildi. \u00d6nc\u00fc i\u00e7in Konak il\u00e7esindeki Basmane \u00c7orakkap\u0131 Camisi&#x27;nde cenaze t\u00f6reni d\u00fczenlendi. Cenaze t\u00f6renine; AK Parti Konak \u0130l\u00e7e Ba\u015fkan\u0131 Sait Ba\u015fda\u015f ile Hatice \u00d6nc\u00fcn\u00fcn annesi Remziye Kanak, k\u0131z karde\u015fi Esma Nur \u00d6nc\u00fc , erkek karde\u015fleri Halil \u00d6nc\u00fc, B\u00fcnyamin \u00d6nc\u00fc, dedesi Mehmet Mahsun Kanak, amcas\u0131 Nurettin \u00d6nc\u00fc ve di\u011fer yak\u0131nlar\u0131 kat\u0131ld\u0131. Baba \u00d6nc\u00fc, karde\u015f Halil \u00d6nc\u00fc ve ayn\u0131 hastanede ba\u015fka bir doktor taraf\u0131ndan&#8230;<\/p>\n","protected":false},"excerpt":{"rendered":"<p>\u0130zmir&#8217;de burun esteti\u011fi ameliyat\u0131 s\u0131ras\u0131nda fenala\u015f\u0131nca yo\u011fun bak\u0131ma al\u0131nan ve daha sonra sevk edildi\u011fi \u0130zmir \u015eehir Hastanesi&#8217;nde ya\u015fam\u0131n\u0131 yitiren Hatice&#8230;<\/p>\n","protected":false},"author":2,"featured_media":31410,"comment_status":"open","ping_status":"open","sticky":false,"template":"","format":"standard","meta":{"footnotes":""},"categories":[6,5],"tags":[],"class_list":["post-31411","post","type-post","status-publish","format-standard","has-post-thumbnail","hentry","category-gundem","category-son-dakika"],"_links":{"self":[{"href":"https:\/\/eskigazeteci.com\/index.php?rest_route=\/wp\/v2\/posts\/31411","targetHints":{"allow":["GET"]}}],"collection":[{"href":"https:\/\/eskigazeteci.com\/index.php?rest_route=\/wp\/v2\/posts"}],"about":[{"href":"https:\/\/eskigazeteci.com\/index.php?rest_route=\/wp\/v2\/types\/post"}],"author":[{"embeddable":true,"href":"https:\/\/eskigazeteci.com\/index.php?rest_route=\/wp\/v2\/users\/2"}],"replies":[{"embeddable":true,"href":"https:\/\/eskigazeteci.com\/index.php?rest_route=%2Fwp%2Fv2%2Fcomments&post=31411"}],"version-history":[{"count":0,"href":"https:\/\/eskigazeteci.com\/index.php?rest_route=\/wp\/v2\/posts\/31411\/revisions"}],"wp:featuredmedia":[{"embeddable":true,"href":"https:\/\/eskigazeteci.com\/index.php?rest_route=\/wp\/v2\/media\/31410"}],"wp:attachment":[{"href":"https:\/\/eskigazeteci.com\/index.php?rest_route=%2Fwp%2Fv2%2Fmedia&parent=31411"}],"wp:term":[{"taxonomy":"category","embeddable":true,"href":"https:\/\/eskigazeteci.com\/index.php?rest_route=%2Fwp%2Fv2%2Fcategories&post=31411"},{"taxonomy":"post_tag","embeddable":true,"href":"https:\/\/eskigazeteci.com\/index.php?rest_route=%2Fwp%2Fv2%2Ftags&post=31411"}],"curies":[{"name":"wp","href":"https:\/\/api.w.org\/{rel}","templated":true}]}}