{"id":31409,"date":"2026-05-01T13:16:51","date_gmt":"2026-05-01T13:16:51","guid":{"rendered":"https:\/\/eskigazeteci.com\/?p=31409"},"modified":"2026-05-01T13:16:51","modified_gmt":"2026-05-01T13:16:51","slug":"galatasarayin-samsunspor-maci-kamp-kadrosu-aciklandi","status":"publish","type":"post","link":"https:\/\/eskigazeteci.com\/?p=31409","title":{"rendered":"Galatasaray&#8217;\u0131n Samsunspor ma\u00e7\u0131 kamp kadrosu a\u00e7\u0131kland\u0131!"},"content":{"rendered":"<p>Galatasaray &#x27;\u0131n Samsunspor ile deplasmanda oynayaca\u011f\u0131 ma\u00e7\u0131n kadrosu belli oldu.<\/p>\n<p>Samsun&#x27;a giden kafilede sakatl\u0131\u011f\u0131 bulunan Yaser Asprilla ile cezas\u0131 nedeniyle forma giyemeyecek kaleci U\u011furcan \u00c7ak\u0131r yer almad\u0131.<\/p>\n<p>Galatasaray&#x27;\u0131n kamp kadrosu \u015fu \u015fekilde:<\/p>\n<p>Ismail Jakobs, Davinson Sanchez, Roland Sallai, Gabriel Sara, Mauro Icardi, Leroy Sane, Yunus Akg\u00fcn, Batuhan \u015een, Eren Elmal\u0131, G\u00fcnay G\u00fcven\u00e7, \u0130lkay G\u00fcndo\u011fan, Ahmed Kutucu, Kaan Ayhan, Can Armando G\u00fcner, Lucas Torreira, Abd\u00fclkerim Bardakc\u0131, Victor Osimhen, Bar\u0131\u015f Alper Y\u0131lmaz, Arda Y\u0131lmaz, Ada Y\u00fczge\u00e7, Enes Emre B\u00fcy\u00fck, Renato Nhaga, Noa Lang, Wilfried Singo, Arda \u00dcnyay, Sacha Boey, Mario Lemina<\/p>\n<p>T\u00fcrkiye&#x27;den ve D\u00fcnya\u2019dan son dakika haberleri, k\u00f6\u015fe yaz\u0131lar\u0131, magazinden siyasete, spordan seyahate b\u00fct\u00fcn konular\u0131n tek adresi Hurriyet.com.tr haber i\u00e7erikleri izin al\u0131nmadan, kaynak g\u00f6sterilerek dahi iktibas edilemez. Kanuna ayk\u0131r\u0131 ve izinsiz olarak kopyalanamaz, ba\u015fka yerde yay\u0131nlanamaz.<\/p>\n","protected":false},"excerpt":{"rendered":"<p>S\u00fcper Lig&#8217;in 32. haftas\u0131nda yar\u0131n deplasmanda Samsunspor ile kar\u015f\u0131la\u015facak olan Galatasaray&#8217;\u0131n kamp kadrosu belli oldu.<\/p>\n","protected":false},"author":2,"featured_media":31408,"comment_status":"open","ping_status":"open","sticky":false,"template":"","format":"standard","meta":{"footnotes":""},"categories":[5,7],"tags":[],"class_list":["post-31409","post","type-post","status-publish","format-standard","has-post-thumbnail","hentry","category-son-dakika","category-spor"],"_links":{"self":[{"href":"https:\/\/eskigazeteci.com\/index.php?rest_route=\/wp\/v2\/posts\/31409","targetHints":{"allow":["GET"]}}],"collection":[{"href":"https:\/\/eskigazeteci.com\/index.php?rest_route=\/wp\/v2\/posts"}],"about":[{"href":"https:\/\/eskigazeteci.com\/index.php?rest_route=\/wp\/v2\/types\/post"}],"author":[{"embeddable":true,"href":"https:\/\/eskigazeteci.com\/index.php?rest_route=\/wp\/v2\/users\/2"}],"replies":[{"embeddable":true,"href":"https:\/\/eskigazeteci.com\/index.php?rest_route=%2Fwp%2Fv2%2Fcomments&post=31409"}],"version-history":[{"count":0,"href":"https:\/\/eskigazeteci.com\/index.php?rest_route=\/wp\/v2\/posts\/31409\/revisions"}],"wp:featuredmedia":[{"embeddable":true,"href":"https:\/\/eskigazeteci.com\/index.php?rest_route=\/wp\/v2\/media\/31408"}],"wp:attachment":[{"href":"https:\/\/eskigazeteci.com\/index.php?rest_route=%2Fwp%2Fv2%2Fmedia&parent=31409"}],"wp:term":[{"taxonomy":"category","embeddable":true,"href":"https:\/\/eskigazeteci.com\/index.php?rest_route=%2Fwp%2Fv2%2Fcategories&post=31409"},{"taxonomy":"post_tag","embeddable":true,"href":"https:\/\/eskigazeteci.com\/index.php?rest_route=%2Fwp%2Fv2%2Ftags&post=31409"}],"curies":[{"name":"wp","href":"https:\/\/api.w.org\/{rel}","templated":true}]}}