{"id":31405,"date":"2026-05-01T12:51:27","date_gmt":"2026-05-01T12:51:27","guid":{"rendered":"https:\/\/eskigazeteci.com\/?p=31405"},"modified":"2026-05-01T12:51:27","modified_gmt":"2026-05-01T12:51:27","slug":"yemek-yaparken-kiyafeti-tutusan-kadin-hayatini-kaybetti","status":"publish","type":"post","link":"https:\/\/eskigazeteci.com\/?p=31405","title":{"rendered":"Yemek yaparken k\u0131yafeti tutu\u015fan kad\u0131n hayat\u0131n\u0131 kaybetti"},"content":{"rendered":"<p>K\u00fc\u00e7\u00fck B\u00f6lcek Mahallesi 2622 Sokak\u2019ta 4 katl\u0131 bir binan\u0131n son kat\u0131nda yaln\u0131z ya\u015fayan Meryem Alt\u0131nsoy\u2019un, d\u00fcn saat 19.00 s\u0131ralar\u0131nda ocakta yemek yaparken iddiaya g\u00f6re elbisesi tutu\u015ftu. Alevleri s\u00f6nd\u00fcrmek isterken evin koridorunda d\u00fc\u015fen Alt\u0131nsoy\u2019un ete\u011findeki yang\u0131n , bu kez hal\u0131y\u0131 tutu\u015fturdu. Alevler h\u0131zla yay\u0131l\u0131rken bu s\u0131rada Alt\u0131nsoy\u2019dan haber alamayan yak\u0131nlar\u0131 eve gelip kap\u0131y\u0131 a\u00e7t\u0131\u011f\u0131nda yang\u0131nla kar\u015f\u0131la\u015ft\u0131.<\/p>\n<p>OLAY YER\u0130NDE HAYATINI KAYBETT\u0130<\/p>\n<p>\u0130hbar \u00fczerine adrese sa\u011fl\u0131k, itfaiye ve polis ekiplerine sevk edildi. Eve gelen itfaiye ekipleri yang\u0131n\u0131 s\u00f6nd\u00fcrd\u00fc. Sa\u011fl\u0131k g\u00f6revlilerinin yapt\u0131\u011f\u0131 kontrolde 4 \u00e7ocuk annesi Alt\u0131nsoy\u2019un ya\u015fam\u0131 yitirdi\u011fini belirledi.<\/p>\n<p>Aksaray E\u011fitim ve Ara\u015ft\u0131rma Hastanesi\u2019ndeki otopsi i\u015flemlerinin ard\u0131ndan Meryem Alt\u0131nsoy\u2019un cenazesi, yak\u0131nlar\u0131 taraf\u0131ndan teslim al\u0131narak Somuncu Baba K\u00fclliyesi&#x27;ne getirildi. Cenazeye Aksaray Valisi Murat Duru ile yak\u0131nlar\u0131 kat\u0131ld\u0131. Alt\u0131nsoy, k\u0131l\u0131nan cenaze namaz\u0131n\u0131n ard\u0131ndan Ervah Mezarl\u0131\u011f\u0131&#x27;nda topra\u011fa verildi.<\/p>\n<p>T\u00fcrkiye g\u00fcndeminden son dakika haberleri, bug\u00fcn ya\u015fanan en son geli\u015fmeler, siyaset g\u00fcndeminden g\u00fcncel haberler ve b\u00fct\u00fcn son dakika haberleri i\u00e7in H\u00fcrriyet&#x27;in internet haber sitesi hurriyet.com.tr; Hurriyet.com.tr haber&#8230;<\/p>\n","protected":false},"excerpt":{"rendered":"<p>Aksaray\u2019da yemek yaparken elbisenin tutu\u015fmas\u0131 sonucu \u00e7\u0131kan yang\u0131nda ya\u015fam\u0131n\u0131 yitiren Meryem Alt\u0131nsoy (91), topra\u011fa verildi.<\/p>\n","protected":false},"author":2,"featured_media":31404,"comment_status":"open","ping_status":"open","sticky":false,"template":"","format":"standard","meta":{"footnotes":""},"categories":[6,5],"tags":[],"class_list":["post-31405","post","type-post","status-publish","format-standard","has-post-thumbnail","hentry","category-gundem","category-son-dakika"],"_links":{"self":[{"href":"https:\/\/eskigazeteci.com\/index.php?rest_route=\/wp\/v2\/posts\/31405","targetHints":{"allow":["GET"]}}],"collection":[{"href":"https:\/\/eskigazeteci.com\/index.php?rest_route=\/wp\/v2\/posts"}],"about":[{"href":"https:\/\/eskigazeteci.com\/index.php?rest_route=\/wp\/v2\/types\/post"}],"author":[{"embeddable":true,"href":"https:\/\/eskigazeteci.com\/index.php?rest_route=\/wp\/v2\/users\/2"}],"replies":[{"embeddable":true,"href":"https:\/\/eskigazeteci.com\/index.php?rest_route=%2Fwp%2Fv2%2Fcomments&post=31405"}],"version-history":[{"count":0,"href":"https:\/\/eskigazeteci.com\/index.php?rest_route=\/wp\/v2\/posts\/31405\/revisions"}],"wp:featuredmedia":[{"embeddable":true,"href":"https:\/\/eskigazeteci.com\/index.php?rest_route=\/wp\/v2\/media\/31404"}],"wp:attachment":[{"href":"https:\/\/eskigazeteci.com\/index.php?rest_route=%2Fwp%2Fv2%2Fmedia&parent=31405"}],"wp:term":[{"taxonomy":"category","embeddable":true,"href":"https:\/\/eskigazeteci.com\/index.php?rest_route=%2Fwp%2Fv2%2Fcategories&post=31405"},{"taxonomy":"post_tag","embeddable":true,"href":"https:\/\/eskigazeteci.com\/index.php?rest_route=%2Fwp%2Fv2%2Ftags&post=31405"}],"curies":[{"name":"wp","href":"https:\/\/api.w.org\/{rel}","templated":true}]}}