{"id":31403,"date":"2026-05-01T12:49:54","date_gmt":"2026-05-01T12:49:54","guid":{"rendered":"https:\/\/eskigazeteci.com\/?p=31403"},"modified":"2026-05-01T12:49:54","modified_gmt":"2026-05-01T12:49:54","slug":"suriyenin-baskenti-samda-el-bombali-saldiri","status":"publish","type":"post","link":"https:\/\/eskigazeteci.com\/?p=31403","title":{"rendered":"Suriye&#8217;nin ba\u015fkenti \u015eam&#8217;da el bombal\u0131 sald\u0131r\u0131"},"content":{"rendered":"<p>Suriye &#x27;nin resmi haber televizyonu el-\u0130hbariye kanal\u0131n\u0131n muhabirine g\u00f6re, Seyyide Zeyneb b\u00f6lgesinde bir ki\u015fi sivil araca el bombas\u0131 att\u0131.<\/p>\n<p>El bomban\u0131n patlamas\u0131 sonucunda bir sivilin yaraland\u0131\u011f\u0131n\u0131 belirtildi.<\/p>\n<p>Sald\u0131r\u0131n\u0131n ard\u0131ndan i\u00e7 g\u00fcvenlik g\u00fc\u00e7leri b\u00f6lgeye intikal ederek olayla ilgili \u00e7al\u0131\u015fma ba\u015flatt\u0131.<\/p>\n<p>Olayla ilgili soru\u015fturma s\u00fcr\u00fcyor.<\/p>\n<p>Yurtd\u0131\u015f\u0131nda ya\u015fanan en son olaylar, d\u00fcnya g\u00fcndemine oturan d\u0131\u015f haberler, son dakika d\u00fcnya haberleri, di\u011fer d\u00fcnya \u00fclkelerinden g\u00fcncel haberler i\u00e7in T\u00fcrkiye&#x27;nin haber sitesi hurriyet.com.tr; Hurriyet.com.tr haber i\u00e7erikleri kaynak g\u00f6sterilmeden al\u0131nt\u0131 yap\u0131lamaz, Kanuna ayk\u0131r\u0131 ve izinsiz olarak kopyalanamaz, ba\u015fka yerde yay\u0131nlanamaz.<\/p>\n","protected":false},"excerpt":{"rendered":"<p>Suriye&#8217;nin ba\u015fkenti \u015eam&#8217;\u0131n k\u0131rsal\u0131ndaki Seyyide Zeyneb b\u00f6lgesinde sivil araca bir ki\u015finin el bombas\u0131 atmas\u0131 sonucu patlama ya\u015fand\u0131.<\/p>\n","protected":false},"author":2,"featured_media":31402,"comment_status":"open","ping_status":"open","sticky":false,"template":"","format":"standard","meta":{"footnotes":""},"categories":[6,5],"tags":[],"class_list":["post-31403","post","type-post","status-publish","format-standard","has-post-thumbnail","hentry","category-gundem","category-son-dakika"],"_links":{"self":[{"href":"https:\/\/eskigazeteci.com\/index.php?rest_route=\/wp\/v2\/posts\/31403","targetHints":{"allow":["GET"]}}],"collection":[{"href":"https:\/\/eskigazeteci.com\/index.php?rest_route=\/wp\/v2\/posts"}],"about":[{"href":"https:\/\/eskigazeteci.com\/index.php?rest_route=\/wp\/v2\/types\/post"}],"author":[{"embeddable":true,"href":"https:\/\/eskigazeteci.com\/index.php?rest_route=\/wp\/v2\/users\/2"}],"replies":[{"embeddable":true,"href":"https:\/\/eskigazeteci.com\/index.php?rest_route=%2Fwp%2Fv2%2Fcomments&post=31403"}],"version-history":[{"count":0,"href":"https:\/\/eskigazeteci.com\/index.php?rest_route=\/wp\/v2\/posts\/31403\/revisions"}],"wp:featuredmedia":[{"embeddable":true,"href":"https:\/\/eskigazeteci.com\/index.php?rest_route=\/wp\/v2\/media\/31402"}],"wp:attachment":[{"href":"https:\/\/eskigazeteci.com\/index.php?rest_route=%2Fwp%2Fv2%2Fmedia&parent=31403"}],"wp:term":[{"taxonomy":"category","embeddable":true,"href":"https:\/\/eskigazeteci.com\/index.php?rest_route=%2Fwp%2Fv2%2Fcategories&post=31403"},{"taxonomy":"post_tag","embeddable":true,"href":"https:\/\/eskigazeteci.com\/index.php?rest_route=%2Fwp%2Fv2%2Ftags&post=31403"}],"curies":[{"name":"wp","href":"https:\/\/api.w.org\/{rel}","templated":true}]}}