{"id":314,"date":"2026-02-09T11:33:33","date_gmt":"2026-02-09T11:33:33","guid":{"rendered":"https:\/\/eskigazeteci.com\/?p=314"},"modified":"2026-02-09T11:33:33","modified_gmt":"2026-02-09T11:33:33","slug":"haber-132","status":"publish","type":"post","link":"https:\/\/eskigazeteci.com\/?p=314","title":{"rendered":"Haber"},"content":{"rendered":"<p>Bakanl\u0131\u011f\u0131n NSosyal hesab\u0131ndan, T\u00dcVT\u00dcRK Ankara \u0130vedik Ara\u00e7 Muayene \u0130stasyonu &#x27;nda ya\u015fanan ve polis memuru Keskin&#x27;in hayat\u0131n\u0131 kaybetmesiyle sonu\u00e7lanan olaya ili\u015fkin a\u00e7\u0131klama yap\u0131ld\u0131.<\/p>\n<p>A\u00e7\u0131klamada, T\u00dcVT\u00dcRK ara\u00e7 muayene istasyonunda 2 \u015eubat&#x27;ta ya\u015fanan ve polis memuru Keskin &#x27;in 6 \u015eubat&#x27;ta hayat\u0131n\u0131 kaybetmesiyle kamuoyunun g\u00fcndemine gelen elim olay\u0131n, herkesi derinden \u00fczd\u00fc\u011f\u00fcne i\u015faret edildi.<\/p>\n<p>&quot;\u0130\u00c7 DENET\u0130M UZMANLARI G\u00d6REVLEND\u0130R\u0130LM\u0130\u015eT\u0130R&quot;<\/p>\n<p>Ya\u015fanan vahim hadisenin ard\u0131ndan derhal harekete ge\u00e7ildi\u011fi belirtilen a\u00e7\u0131klamada, &quot;Bakanl\u0131\u011f\u0131m\u0131z taraf\u0131ndan s\u00fcrecin t\u00fcm y\u00f6nleriyle incelenmesi ve ayd\u0131nl\u0131\u011fa kavu\u015fturulmas\u0131 amac\u0131yla 2 ba\u015fm\u00fcfetti\u015f ve 3 denet\u00e7i, ilgili firma taraf\u0131ndan da i\u00e7 denetim uzmanlar\u0131 g\u00f6revlendirilmi\u015ftir. Yarg\u0131ya intikal eden olay ile ilgili adli s\u00fcre\u00e7, Adalet Bakanl\u0131\u011f\u0131m\u0131z ve devletimizin ilgili kurumlar\u0131 taraf\u0131ndan hassasiyet ve titizlikle y\u00fcr\u00fct\u00fclmektedir.&quot; ifadeleri kullan\u0131ld\u0131.<\/p>\n<p>&quot;S\u00dcREC\u0130N SONUNA KADAR TAK\u0130P\u00c7\u0130S\u0130 OLACA\u011eIZ&quot;<\/p>\n<p>A\u00e7\u0131klamada, yarg\u0131 taraf\u0131ndan t\u00fcm y\u00f6nleriyle yap\u0131lacak incelemeler sonunda ayd\u0131nlat\u0131lacak hadiseyle ilgili b\u00fct\u00fcn kesimlerin de ayn\u0131 hassasiyetle hareket etmesinin \u00f6nemli oldu\u011funa dikkat \u00e7ekilerek, \u015funlar kaydedildi:<\/p>\n<p>Bakanl\u0131k olarak vatanda\u015flar\u0131m\u0131z\u0131n huzur ve g\u00fcven i\u00e7inde hizmet alabilmesi i\u00e7in gerekli t\u00fcm \u00f6nlemleri bundan \u00f6nce oldu\u011fu gibi bundan sonra da almaya devam edece\u011fiz. S\u00fcrecin sonuna kadar yak\u0131n takip\u00e7isi olaca\u011f\u0131m\u0131z\u0131 belirtir, vefat eden polis memurumuza Allah&#x27;tan rahmet, ailesine ve yak\u0131nlar\u0131na sab\u0131rlar dileriz.&quot;<\/p>\n<p>T\u00fcrkiye g\u00fcndeminden son dakika haberleri, bug\u00fcn ya\u015fanan en son geli\u015fmeler, siyaset g\u00fcndeminden g\u00fcncel haberler ve b\u00fct\u00fcn son dakika haberleri i\u00e7in H\u00fcrriyet&#x27;in internet haber sitesi hurriyet.com.tr; Hurriyet.com.tr haber i\u00e7erikleri kaynak g\u00f6sterilmeden al\u0131nt\u0131 yap\u0131lamaz, Kanuna ayk\u0131r\u0131 ve izinsiz olarak kopyalanamaz, ba\u015fka yerde yay\u0131nlanamaz.<\/p>\n","protected":false},"excerpt":{"rendered":"<p>Ula\u015ft\u0131rma ve Altyap\u0131 Bakanl\u0131\u011f\u0131, Ankara&#8217;da ara\u00e7 muayene istasyonundaki kavga sonras\u0131 polis memuru Melih Okan Keskin&#8217;in hayat\u0131n\u0131 kaybetti\u011fi olay\u0131n incelenmesi&#8230;<\/p>\n","protected":false},"author":2,"featured_media":313,"comment_status":"open","ping_status":"open","sticky":false,"template":"","format":"standard","meta":{"footnotes":""},"categories":[8,3],"tags":[],"class_list":["post-314","post","type-post","status-publish","format-standard","has-post-thumbnail","hentry","category-arsiv","category-siyaset"],"_links":{"self":[{"href":"https:\/\/eskigazeteci.com\/index.php?rest_route=\/wp\/v2\/posts\/314","targetHints":{"allow":["GET"]}}],"collection":[{"href":"https:\/\/eskigazeteci.com\/index.php?rest_route=\/wp\/v2\/posts"}],"about":[{"href":"https:\/\/eskigazeteci.com\/index.php?rest_route=\/wp\/v2\/types\/post"}],"author":[{"embeddable":true,"href":"https:\/\/eskigazeteci.com\/index.php?rest_route=\/wp\/v2\/users\/2"}],"replies":[{"embeddable":true,"href":"https:\/\/eskigazeteci.com\/index.php?rest_route=%2Fwp%2Fv2%2Fcomments&post=314"}],"version-history":[{"count":0,"href":"https:\/\/eskigazeteci.com\/index.php?rest_route=\/wp\/v2\/posts\/314\/revisions"}],"wp:featuredmedia":[{"embeddable":true,"href":"https:\/\/eskigazeteci.com\/index.php?rest_route=\/wp\/v2\/media\/313"}],"wp:attachment":[{"href":"https:\/\/eskigazeteci.com\/index.php?rest_route=%2Fwp%2Fv2%2Fmedia&parent=314"}],"wp:term":[{"taxonomy":"category","embeddable":true,"href":"https:\/\/eskigazeteci.com\/index.php?rest_route=%2Fwp%2Fv2%2Fcategories&post=314"},{"taxonomy":"post_tag","embeddable":true,"href":"https:\/\/eskigazeteci.com\/index.php?rest_route=%2Fwp%2Fv2%2Ftags&post=314"}],"curies":[{"name":"wp","href":"https:\/\/api.w.org\/{rel}","templated":true}]}}