{"id":31399,"date":"2026-05-01T12:46:50","date_gmt":"2026-05-01T12:46:50","guid":{"rendered":"https:\/\/eskigazeteci.com\/?p=31399"},"modified":"2026-05-01T12:46:50","modified_gmt":"2026-05-01T12:46:50","slug":"mourinhodan-real-madrid-iddialarina-yanit-2","status":"publish","type":"post","link":"https:\/\/eskigazeteci.com\/?p=31399","title":{"rendered":"Mourinho&#8217;dan Real Madrid iddialar\u0131na yan\u0131t!"},"content":{"rendered":"<p>Benfica , Portekiz S\u00fcper Ligi&#x27;nin 32. haftas\u0131nda yar\u0131n saat 20.00&#x27;de Famalicao ile kar\u015f\u0131la\u015facak.<\/p>\n<p>Jose Mourinho , kar\u015f\u0131la\u015fma \u00f6ncesi d\u00fczenlenen bas\u0131n toplant\u0131s\u0131nda eski tak\u0131m\u0131 Real Madrid&#x27;e d\u00f6nece\u011fi iddialar\u0131na ili\u015fkin a\u00e7\u0131klamada bulundu.<\/p>\n<p>&quot;Hay\u0131r, Real Madrid &#x27;den kimse benimle konu\u015fmad\u0131, bunu garanti edebilirim. Futbolda \u00e7ok uzun y\u0131llard\u0131r var\u0131m ve bu t\u00fcr \u015feylere al\u0131\u015fk\u0131n\u0131z, ama Real Madrid&#x27;den hi\u00e7bir \u015fey yok.&quot;<\/p>\n<p>T\u00fcrkiye&#x27;den ve D\u00fcnya\u2019dan son dakika haberleri, k\u00f6\u015fe yaz\u0131lar\u0131, magazinden siyasete, spordan seyahate b\u00fct\u00fcn konular\u0131n tek adresi Hurriyet.com.tr haber i\u00e7erikleri izin al\u0131nmadan, kaynak g\u00f6sterilerek dahi iktibas edilemez. Kanuna ayk\u0131r\u0131 ve izinsiz olarak kopyalanamaz, ba\u015fka yerde yay\u0131nlanamaz.<\/p>\n","protected":false},"excerpt":{"rendered":"<p>Portekiz S\u00fcper Ligi&#8217;nin 32. haftas\u0131nda yar\u0131n deplasmanda Famalicao ile kar\u015f\u0131la\u015facak olan Benfica&#8217;da Teknik Direkt\u00f6r Jose Mourinho, bas\u0131n toplant\u0131s\u0131nda Real&#8230;<\/p>\n","protected":false},"author":2,"featured_media":31398,"comment_status":"open","ping_status":"open","sticky":false,"template":"","format":"standard","meta":{"footnotes":""},"categories":[5,7],"tags":[],"class_list":["post-31399","post","type-post","status-publish","format-standard","has-post-thumbnail","hentry","category-son-dakika","category-spor"],"_links":{"self":[{"href":"https:\/\/eskigazeteci.com\/index.php?rest_route=\/wp\/v2\/posts\/31399","targetHints":{"allow":["GET"]}}],"collection":[{"href":"https:\/\/eskigazeteci.com\/index.php?rest_route=\/wp\/v2\/posts"}],"about":[{"href":"https:\/\/eskigazeteci.com\/index.php?rest_route=\/wp\/v2\/types\/post"}],"author":[{"embeddable":true,"href":"https:\/\/eskigazeteci.com\/index.php?rest_route=\/wp\/v2\/users\/2"}],"replies":[{"embeddable":true,"href":"https:\/\/eskigazeteci.com\/index.php?rest_route=%2Fwp%2Fv2%2Fcomments&post=31399"}],"version-history":[{"count":0,"href":"https:\/\/eskigazeteci.com\/index.php?rest_route=\/wp\/v2\/posts\/31399\/revisions"}],"wp:featuredmedia":[{"embeddable":true,"href":"https:\/\/eskigazeteci.com\/index.php?rest_route=\/wp\/v2\/media\/31398"}],"wp:attachment":[{"href":"https:\/\/eskigazeteci.com\/index.php?rest_route=%2Fwp%2Fv2%2Fmedia&parent=31399"}],"wp:term":[{"taxonomy":"category","embeddable":true,"href":"https:\/\/eskigazeteci.com\/index.php?rest_route=%2Fwp%2Fv2%2Fcategories&post=31399"},{"taxonomy":"post_tag","embeddable":true,"href":"https:\/\/eskigazeteci.com\/index.php?rest_route=%2Fwp%2Fv2%2Ftags&post=31399"}],"curies":[{"name":"wp","href":"https:\/\/api.w.org\/{rel}","templated":true}]}}