{"id":31395,"date":"2026-05-01T12:38:23","date_gmt":"2026-05-01T12:38:23","guid":{"rendered":"https:\/\/eskigazeteci.com\/?p=31395"},"modified":"2026-05-01T12:38:23","modified_gmt":"2026-05-01T12:38:23","slug":"mac-programi-1-mayis-2026","status":"publish","type":"post","link":"https:\/\/eskigazeteci.com\/?p=31395","title":{"rendered":"Ma\u00e7 program\u0131 1 May\u0131s 2026"},"content":{"rendered":"<p>Hafta sonu geldi\u011fi i\u00e7in bir\u00e7ok ligde yeni haftan\u0131n ma\u00e7lar\u0131 oynanmaya ba\u015fl\u0131yor. Trendyol S\u00fcper Lig\u2019de de 1 May\u0131s Cuma g\u00fcn\u00fc itibar\u0131yla 32. haftan\u0131n kap\u0131lar\u0131 aralan\u0131yor. S\u00fcper Lig\u2019de 32. hafta heyecan\u0131 ak\u015fam seans\u0131ndaki Gaziantep FK &#8211; Be\u015fikta\u015f m\u00fccadelesiyle zirve yaparken, g\u00fcn\u00fcn erken saatlerinde Karadeniz\u2019de \u00c7aykur Rizespor ile Konyaspor kozlar\u0131n\u0131 payla\u015facak. \u0130\u015fte 1 May\u0131s ma\u00e7 program\u0131 ve saatleri!<\/p>\n<p>Hafta sonu geldi\u011fi i\u00e7in bir\u00e7ok ligde yeni haftan\u0131n ma\u00e7lar\u0131 oynanmaya ba\u015fl\u0131yor. Trendyol S\u00fcper Lig\u2019de de 1 May\u0131s Cuma g\u00fcn\u00fc itibar\u0131yla 32. haftan\u0131n kap\u0131lar\u0131 aralan\u0131yor. S\u00fcper Lig\u2019de 32. hafta heyecan\u0131 ak\u015fam seans\u0131ndaki Gaziantep FK &#8211; Be\u015fikta\u015f m\u00fccadelesiyle zirve yaparken, g\u00fcn\u00fcn erken saatlerinde Karadeniz\u2019de \u00c7aykur Rizespor ile Konyaspor kozlar\u0131n\u0131 payla\u015facak. \u0130\u015fte 1 May\u0131s ma\u00e7 program\u0131 ve saatleri!<\/p>\n<p>S\u00fcper Lig 17:00 \u00c7aykur Rizespor-Konyaspor (beIN Sports 1) 20:00 Gaziantep FK-Be\u015fikta\u015f (beIN Sports 1)<\/p>\n<p>S\u00fcper Lig<\/p>\n<p>17:00 \u00c7aykur Rizespor-Konyaspor (beIN Sports 1)<\/p>\n<p>20:00 Gaziantep FK-Be\u015fikta\u015f (beIN Sports 1)<\/p>\n<p>1. Lig 14:30 Hatayspor-Van Spor FK (TRT Tabii Spor 6) 17:00 \u0130stanbulspor-Adana Demirspor (TRT Tabii Spor 6) 17:00 Boluspor-Serik Spor (TRT Spor) 20:00 Manisa FK-Sakaryaspor (TRT Spor)<\/p>\n<p>1&#8230;.<\/p>\n","protected":false},"excerpt":{"rendered":"<p>1 May\u0131s ma\u00e7 program\u0131 ve saatleri belli oldu. 1 May\u0131s Cuma g\u00fcn\u00fc Trendyol S\u00fcper Lig\u2019de 32. hafta m\u00fccadeleleri ba\u015fl\u0131yor. Trendyol S\u00fcper Lig\u2019den Avrupa\u2019n\u0131n dev&#8230;<\/p>\n","protected":false},"author":2,"featured_media":31394,"comment_status":"open","ping_status":"open","sticky":false,"template":"","format":"standard","meta":{"footnotes":""},"categories":[5,7],"tags":[],"class_list":["post-31395","post","type-post","status-publish","format-standard","has-post-thumbnail","hentry","category-son-dakika","category-spor"],"_links":{"self":[{"href":"https:\/\/eskigazeteci.com\/index.php?rest_route=\/wp\/v2\/posts\/31395","targetHints":{"allow":["GET"]}}],"collection":[{"href":"https:\/\/eskigazeteci.com\/index.php?rest_route=\/wp\/v2\/posts"}],"about":[{"href":"https:\/\/eskigazeteci.com\/index.php?rest_route=\/wp\/v2\/types\/post"}],"author":[{"embeddable":true,"href":"https:\/\/eskigazeteci.com\/index.php?rest_route=\/wp\/v2\/users\/2"}],"replies":[{"embeddable":true,"href":"https:\/\/eskigazeteci.com\/index.php?rest_route=%2Fwp%2Fv2%2Fcomments&post=31395"}],"version-history":[{"count":0,"href":"https:\/\/eskigazeteci.com\/index.php?rest_route=\/wp\/v2\/posts\/31395\/revisions"}],"wp:featuredmedia":[{"embeddable":true,"href":"https:\/\/eskigazeteci.com\/index.php?rest_route=\/wp\/v2\/media\/31394"}],"wp:attachment":[{"href":"https:\/\/eskigazeteci.com\/index.php?rest_route=%2Fwp%2Fv2%2Fmedia&parent=31395"}],"wp:term":[{"taxonomy":"category","embeddable":true,"href":"https:\/\/eskigazeteci.com\/index.php?rest_route=%2Fwp%2Fv2%2Fcategories&post=31395"},{"taxonomy":"post_tag","embeddable":true,"href":"https:\/\/eskigazeteci.com\/index.php?rest_route=%2Fwp%2Fv2%2Ftags&post=31395"}],"curies":[{"name":"wp","href":"https:\/\/api.w.org\/{rel}","templated":true}]}}