{"id":31391,"date":"2026-05-01T12:26:49","date_gmt":"2026-05-01T12:26:49","guid":{"rendered":"https:\/\/eskigazeteci.com\/?p=31391"},"modified":"2026-05-01T12:26:49","modified_gmt":"2026-05-01T12:26:49","slug":"12-yasindaki-eyup-pasajda-olu-bulunmustu-tanik-ifadesi-kan-dondurdu-hakaret-edip-kafasina-vurdu","status":"publish","type":"post","link":"https:\/\/eskigazeteci.com\/?p=31391","title":{"rendered":"12 ya\u015f\u0131ndaki Ey\u00fcp, pasajda \u00f6l\u00fc bulunmu\u015ftu! Tan\u0131k ifadesi kan dondurdu: Hakaret edip, kafas\u0131na vurdu"},"content":{"rendered":"<p>Olay, 28 Temmuz g\u00fcn\u00fc ak\u015fam saatlerinde il\u00e7eye ba\u011fl\u0131 Saray Mahallesi&#x27;nde meydana geldi. \u0130\u015f han\u0131n\u0131n i\u00e7erisinde y\u00fcksekten d\u00fc\u015fen restoran \u00e7al\u0131\u015fan\u0131 Ey\u00fcp Can G\u00fcner&#x27;in hareketsiz yatt\u0131\u011f\u0131n\u0131 g\u00f6ren vatanda\u015flar 112 Acil \u00c7a\u011fr\u0131 Merkezi&#x27;ne haber verdi. \u0130hbar \u00fczerine olay yerine polis ve sa\u011fl\u0131k ekipleri sevk edildi. Ekipler, G\u00fcner&#x27;in hayat\u0131n\u0131 kaybetti\u011fini belirledi. Yap\u0131lan otopsinin ard\u0131ndan ailesine teslim edilen Ey\u00fcp Can G\u00fcner&#x27;in cenazesi topra\u011fa verildi. Soru\u015fturma kapsam\u0131nda g\u00f6rg\u00fc tan\u0131klar\u0131n\u0131n ifadesini alan polis ekipleri, i\u015f han\u0131nda \u00e7al\u0131\u015fan Necmettin Ula\u015f&#x27;\u0131n \u015fakayla G\u00fcner&#x27;i kovalarken olay\u0131n meydana geldi\u011fini belirledi. Savc\u0131l\u0131\u011f\u0131n talimat\u0131yla g\u00f6zalt\u0131na al\u0131nan Ula\u015f, \u00e7\u0131kar\u0131ld\u0131\u011f\u0131 mahkemede, olayda ihmali bulundu\u011fu iddias\u0131yla tutukland\u0131.<\/p>\n<p>Anamur Cumhuriyet Ba\u015fsavc\u0131l\u0131\u011f\u0131\u2019n\u0131n haz\u0131rlad\u0131\u011f\u0131 iddianameyle Necmettin Ula\u015f hakk\u0131nda \u2018\u0130hmali davran\u0131\u015fla kasten adam \u00f6ld\u00fcrme\u2019 su\u00e7undan 25 y\u0131la kadar hapis cezas\u0131 istemiyle dava a\u00e7\u0131ld\u0131. \u0130LK DURU\u015eMA G\u00d6R\u00dcLD\u00dc<\/p>\n<p>Davan\u0131n ilk duru\u015fmas\u0131, d\u00fcn Anamur A\u011f\u0131r Ceza Mahkemesi&#x27;nde g\u00f6r\u00fcld\u00fc. Duru\u015fmada tutuklu san\u0131k Necmettin Ula\u015f, Ey\u00fcp Can G\u00fcner\u2019in yak\u0131nlar\u0131 ve taraf avukatlar haz\u0131r bulundu. Duru\u015fmada s\u00f6z verilen tutuklu san\u0131k Ula\u015f, \u201cEy\u00fcp Can&#x27;\u0131n \u00e7al\u0131\u015ft\u0131\u011f\u0131 i\u015f yerinde yemek yedim&#8230;.<\/p>\n","protected":false},"excerpt":{"rendered":"<p>Mersin\u2019in Anamur il\u00e7esinde bir i\u015f han\u0131nda y\u00fcksekten d\u00fc\u015f\u00fcp \u00f6len restoran \u00e7al\u0131\u015fan\u0131 Ey\u00fcp Can G\u00fcner&#8217;i (12) kovalad\u0131\u011f\u0131 \u00f6ne s\u00fcr\u00fclen tutuklu san\u0131k Necmettin Ula\u015f\u2019\u0131n&#8230;<\/p>\n","protected":false},"author":2,"featured_media":31390,"comment_status":"open","ping_status":"open","sticky":false,"template":"","format":"standard","meta":{"footnotes":""},"categories":[6,5],"tags":[],"class_list":["post-31391","post","type-post","status-publish","format-standard","has-post-thumbnail","hentry","category-gundem","category-son-dakika"],"_links":{"self":[{"href":"https:\/\/eskigazeteci.com\/index.php?rest_route=\/wp\/v2\/posts\/31391","targetHints":{"allow":["GET"]}}],"collection":[{"href":"https:\/\/eskigazeteci.com\/index.php?rest_route=\/wp\/v2\/posts"}],"about":[{"href":"https:\/\/eskigazeteci.com\/index.php?rest_route=\/wp\/v2\/types\/post"}],"author":[{"embeddable":true,"href":"https:\/\/eskigazeteci.com\/index.php?rest_route=\/wp\/v2\/users\/2"}],"replies":[{"embeddable":true,"href":"https:\/\/eskigazeteci.com\/index.php?rest_route=%2Fwp%2Fv2%2Fcomments&post=31391"}],"version-history":[{"count":0,"href":"https:\/\/eskigazeteci.com\/index.php?rest_route=\/wp\/v2\/posts\/31391\/revisions"}],"wp:featuredmedia":[{"embeddable":true,"href":"https:\/\/eskigazeteci.com\/index.php?rest_route=\/wp\/v2\/media\/31390"}],"wp:attachment":[{"href":"https:\/\/eskigazeteci.com\/index.php?rest_route=%2Fwp%2Fv2%2Fmedia&parent=31391"}],"wp:term":[{"taxonomy":"category","embeddable":true,"href":"https:\/\/eskigazeteci.com\/index.php?rest_route=%2Fwp%2Fv2%2Fcategories&post=31391"},{"taxonomy":"post_tag","embeddable":true,"href":"https:\/\/eskigazeteci.com\/index.php?rest_route=%2Fwp%2Fv2%2Ftags&post=31391"}],"curies":[{"name":"wp","href":"https:\/\/api.w.org\/{rel}","templated":true}]}}