{"id":31389,"date":"2026-05-01T12:19:51","date_gmt":"2026-05-01T12:19:51","guid":{"rendered":"https:\/\/eskigazeteci.com\/?p=31389"},"modified":"2026-05-01T12:19:51","modified_gmt":"2026-05-01T12:19:51","slug":"1-mayista-aci-olay-2-belediye-iscisi-feci-sekilde-hayatini-kaybetti","status":"publish","type":"post","link":"https:\/\/eskigazeteci.com\/?p=31389","title":{"rendered":"1 May\u0131s&#8217;ta ac\u0131 olay: 2 belediye i\u015f\u00e7isi feci \u015fekilde hayat\u0131n\u0131 kaybetti"},"content":{"rendered":"<p>Kaza, sabah saatlerinde \u00c7ankaya&#x27;da Bademlidere Mahallesi \u015eemsettin G\u00fcnaltay Caddesi&#x27;nde meydana geldi. Su firmas\u0131na ait 07 FHF 37 plakal\u0131 kamyonet, yoku\u015f yukar\u0131 \u00e7\u0131karken geriye kayd\u0131. H\u0131zla geriye do\u011fru hareket eden ara\u00e7, yol \u00fczerinde kanalizasyon \u00e7al\u0131\u015fmas\u0131 yapan Ankara Su ve Kanalizasyon \u0130daresi (ASK\u0130) \u00e7al\u0131\u015fanlar\u0131 Kadir Ortata\u015f ve Bayram Demirhan&#x27;a, ard\u0131ndan da ASK\u0130&#x27;ye ait kamyonet ve park halindeki 4 otomobile \u00e7arpt\u0131.<\/p>\n<p>\u0130hbar \u00fczerine kaza yerine sa\u011fl\u0131k ve polis ekipleri sevk edildi. Sa\u011fl\u0131k ekiplerinin yapt\u0131\u011f\u0131 kontrolde i\u015f\u00e7iler Kadir Ortata\u015f ve Bayram Demirhan\u2019\u0131n hayat\u0131n\u0131 kaybetti\u011fini belirledi. Kazada su kamyonetinin s\u00fcr\u00fcc\u00fcs\u00fc ise yaraland\u0131. Yaral\u0131 s\u00fcr\u00fcc\u00fc olay yerindeki ilk m\u00fcdahalenin ard\u0131ndan hastaneye kald\u0131r\u0131ld\u0131.<\/p>\n<p>1 May\u0131s Emek ve Dayan\u0131\u015fma G\u00fcn\u00fc&#x27;nde hayat\u0131n\u0131 kaybeden i\u015f\u00e7ilerin yak\u0131nlar\u0131, mesai arkada\u015flar\u0131 kaza yerinde g\u00f6zya\u015f\u0131 d\u00f6kt\u00fc. \u0130\u015f\u00e7ilerin cenazeleri yap\u0131lan incelemeden sonra Ankara Adli T\u0131p Kurumu&#x27;na g\u00f6t\u00fcr\u00fcld\u00fc.<\/p>\n<p>Kazayla ilgili soru\u015fturma ba\u015flat\u0131ld\u0131.<\/p>\n<p>&#x27;GER\u0130 V\u0130TESE TAKMI\u015e G\u0130B\u0130YD\u0130&#x27;<\/p>\n<p>Kazada \u00f6len i\u015f\u00e7ilerle birlikte \u00e7al\u0131\u015fan ASK\u0130 personeli, &quot;\u00c7al\u0131\u015f\u0131yorduk, o araba yukar\u0131dayd\u0131. Bunlar\u0131 arkada\u015flar durdurmu\u015flar. Kamyon \u00e7\u0131kamay\u0131nca arkas\u0131na ta\u015f koymu\u015flar. \u2018Sak\u0131n \u00e7\u0131kmay\u0131n, arkada\u015flar&#8230;<\/p>\n","protected":false},"excerpt":{"rendered":"<p>Ankara&#8217;da 1 May\u0131s Emek ve Dayan\u0131\u015fma G\u00fcn\u00fc&#8217;nde kanalizasyon \u00e7al\u0131\u015fmas\u0131 yapan i\u015f\u00e7iler Kadir Ortata\u015f ve Bayram Demirhan, kamyonetin \u00e7arpmas\u0131 sonucu hayat\u0131n\u0131&#8230;<\/p>\n","protected":false},"author":2,"featured_media":31388,"comment_status":"open","ping_status":"open","sticky":false,"template":"","format":"standard","meta":{"footnotes":""},"categories":[6,5],"tags":[],"class_list":["post-31389","post","type-post","status-publish","format-standard","has-post-thumbnail","hentry","category-gundem","category-son-dakika"],"_links":{"self":[{"href":"https:\/\/eskigazeteci.com\/index.php?rest_route=\/wp\/v2\/posts\/31389","targetHints":{"allow":["GET"]}}],"collection":[{"href":"https:\/\/eskigazeteci.com\/index.php?rest_route=\/wp\/v2\/posts"}],"about":[{"href":"https:\/\/eskigazeteci.com\/index.php?rest_route=\/wp\/v2\/types\/post"}],"author":[{"embeddable":true,"href":"https:\/\/eskigazeteci.com\/index.php?rest_route=\/wp\/v2\/users\/2"}],"replies":[{"embeddable":true,"href":"https:\/\/eskigazeteci.com\/index.php?rest_route=%2Fwp%2Fv2%2Fcomments&post=31389"}],"version-history":[{"count":0,"href":"https:\/\/eskigazeteci.com\/index.php?rest_route=\/wp\/v2\/posts\/31389\/revisions"}],"wp:featuredmedia":[{"embeddable":true,"href":"https:\/\/eskigazeteci.com\/index.php?rest_route=\/wp\/v2\/media\/31388"}],"wp:attachment":[{"href":"https:\/\/eskigazeteci.com\/index.php?rest_route=%2Fwp%2Fv2%2Fmedia&parent=31389"}],"wp:term":[{"taxonomy":"category","embeddable":true,"href":"https:\/\/eskigazeteci.com\/index.php?rest_route=%2Fwp%2Fv2%2Fcategories&post=31389"},{"taxonomy":"post_tag","embeddable":true,"href":"https:\/\/eskigazeteci.com\/index.php?rest_route=%2Fwp%2Fv2%2Ftags&post=31389"}],"curies":[{"name":"wp","href":"https:\/\/api.w.org\/{rel}","templated":true}]}}