{"id":31387,"date":"2026-05-01T12:18:19","date_gmt":"2026-05-01T12:18:19","guid":{"rendered":"https:\/\/eskigazeteci.com\/?p=31387"},"modified":"2026-05-01T12:18:19","modified_gmt":"2026-05-01T12:18:19","slug":"okan-buruka-sampiyonluk-hediyesi-rota-avrupanin-3-yildizi","status":"publish","type":"post","link":"https:\/\/eskigazeteci.com\/?p=31387","title":{"rendered":"Okan Buruk&#8217;a \u015fampiyonluk hediyesi! Rota Avrupa&#8217;n\u0131n 3 y\u0131ld\u0131z\u0131"},"content":{"rendered":"<p>Okan Buruk , \u00fcst \u00fcste 4. \u015fampiyonlu\u011fun ilan edilmesiyle beraber Galatasaray \u2019la 2 y\u0131ll\u0131k daha s\u00f6zle\u015fme imzalamaya haz\u0131rlan\u0131yor. Ancak ekibin durmaya ve e\u011flenmeye niyeti yok. \u00c7\u00fcnk\u00fc yeni sezonun \u00e7al\u0131\u015fmalar\u0131 da \u00e7oktan ba\u015flam\u0131\u015f durumda.<\/p>\n<p>Antren\u00f6r ekibiyle bir toplant\u0131 yapan Aslan \u2019\u0131n hocas\u0131, gelece\u011fe dair soru i\u015faretlerini ortadan kald\u0131r\u0131rken, \u201cYolumuza devam ediyoruz. Hedeflerimiz daha da b\u00fcy\u00fck. Transfer listem haz\u0131r. Alaca\u011f\u0131m\u0131z, hatta g\u00f6nderece\u011fimiz oyuncular da neredeyse belli. Bu kez ge\u00e7 kalmayaca\u011f\u0131z. Transferlerimiz kampa yeti\u015fecek diye d\u00fc\u015f\u00fcn\u00fcyorum\u201d diye konu\u015ftu.<\/p>\n<p>\u2018Ekipte de\u011fi\u015fim yok\u2019<\/p>\n<p>Ba\u015fta Ba\u015fkan Dursun \u00d6zbek olmak \u00fczere y\u00f6netimin deste\u011fini ciddi \u015fekilde hissetti\u011fini belirten Buruk, \u201cY\u0131llard\u0131r g\u00fc\u00e7l\u00fc kadrolarla m\u00fccadele ediyoruz. \u015eimdi bir sonraki \u015eampiyonlar Ligi sezonumuz i\u00e7in daha da g\u00fc\u00e7l\u00fc bir kadro kuruyoruz. Galatasaray i\u00e7in m\u00fckemmel bir sezon olaca\u011f\u0131n\u0131 tahmin ediyorum\u201d dedi. Buruk birlikte ba\u015far\u0131dan ba\u015far\u0131ya ko\u015ftu\u011fu antren\u00f6r ekibinde ise \u00f6nemli bir de\u011fi\u015fikli\u011fe gitmeyi d\u00fc\u015f\u00fcnmedi\u011fini, herkesin \u00e7al\u0131\u015fmas\u0131ndan \u00e7ok memnun oldu\u011funu s\u00f6zlerine ekledi.<\/p>\n<p>Portekiz r\u00fczgar\u0131<\/p>\n<p>Rafael Leao, Bernardo Silva ve Bruno Fernandes&#8230; Galatasaray\u2019\u0131n transfer g\u00fcndemindeki 3 y\u0131ld\u0131z da Portekiz Milli&#8230;<\/p>\n","protected":false},"excerpt":{"rendered":"<p>Galatasaray, bir yandan \u015fampiyonluk i\u00e7in geri say\u0131ma ge\u00e7erken, di\u011fer yandan da gelecek sezon \u015eampiyonlar Ligi i\u00e7in iddial\u0131 bir kadro kurman\u0131n hesaplar\u0131n\u0131&#8230;<\/p>\n","protected":false},"author":2,"featured_media":31386,"comment_status":"open","ping_status":"open","sticky":false,"template":"","format":"standard","meta":{"footnotes":""},"categories":[5,7],"tags":[],"class_list":["post-31387","post","type-post","status-publish","format-standard","has-post-thumbnail","hentry","category-son-dakika","category-spor"],"_links":{"self":[{"href":"https:\/\/eskigazeteci.com\/index.php?rest_route=\/wp\/v2\/posts\/31387","targetHints":{"allow":["GET"]}}],"collection":[{"href":"https:\/\/eskigazeteci.com\/index.php?rest_route=\/wp\/v2\/posts"}],"about":[{"href":"https:\/\/eskigazeteci.com\/index.php?rest_route=\/wp\/v2\/types\/post"}],"author":[{"embeddable":true,"href":"https:\/\/eskigazeteci.com\/index.php?rest_route=\/wp\/v2\/users\/2"}],"replies":[{"embeddable":true,"href":"https:\/\/eskigazeteci.com\/index.php?rest_route=%2Fwp%2Fv2%2Fcomments&post=31387"}],"version-history":[{"count":0,"href":"https:\/\/eskigazeteci.com\/index.php?rest_route=\/wp\/v2\/posts\/31387\/revisions"}],"wp:featuredmedia":[{"embeddable":true,"href":"https:\/\/eskigazeteci.com\/index.php?rest_route=\/wp\/v2\/media\/31386"}],"wp:attachment":[{"href":"https:\/\/eskigazeteci.com\/index.php?rest_route=%2Fwp%2Fv2%2Fmedia&parent=31387"}],"wp:term":[{"taxonomy":"category","embeddable":true,"href":"https:\/\/eskigazeteci.com\/index.php?rest_route=%2Fwp%2Fv2%2Fcategories&post=31387"},{"taxonomy":"post_tag","embeddable":true,"href":"https:\/\/eskigazeteci.com\/index.php?rest_route=%2Fwp%2Fv2%2Ftags&post=31387"}],"curies":[{"name":"wp","href":"https:\/\/api.w.org\/{rel}","templated":true}]}}