{"id":31383,"date":"2026-05-01T12:06:47","date_gmt":"2026-05-01T12:06:47","guid":{"rendered":"https:\/\/eskigazeteci.com\/?p=31383"},"modified":"2026-05-01T12:06:47","modified_gmt":"2026-05-01T12:06:47","slug":"istanbulun-nisan-ayi-enflasyonu-belli-oldu","status":"publish","type":"post","link":"https:\/\/eskigazeteci.com\/?p=31383","title":{"rendered":"\u0130stanbul\u2019un nisan ay\u0131 enflasyonu belli oldu"},"content":{"rendered":"<p>\u0130stanbul Ticaret Odas\u0131 (\u0130TO), \u0130TO 2023=100 bazl\u0131 \u0130stanbul T\u00fcketici Fiyat \u0130ndeksi ile Toptan E\u015fya Fiyatlar\u0131 \u0130ndeksi&#x27;nin nisan ay\u0131 verilerini a\u00e7\u0131klad\u0131.<\/p>\n<p>Buna g\u00f6re kentte, nisanda bir \u00f6nceki aya k\u0131yasla perakende fiyat hareketlerinin g\u00f6stergesi olan \u0130TO \u0130stanbul T\u00fcketici Fiyat \u0130ndeksi y\u00fczde 3,74, toptan fiyat hareketlerini yans\u0131tan Toptan E\u015fya Fiyatlar\u0131 \u0130ndeksi ise y\u00fczde 4,32 artt\u0131. Ge\u00e7en y\u0131l\u0131n ayn\u0131 ay\u0131na g\u00f6re de\u011fi\u015fim oran\u0131 perakende fiyatlarda y\u00fczde 36,83, toptan fiyatlarda y\u00fczde 22,28 oldu.<\/p>\n<p>EN Y\u00dcKSEK ARTI\u015e G\u0130Y\u0130M VE AYAKKABI HARCAMALARI GRUBUNDA<\/p>\n<p>\u0130stanbul T\u00fcketici Fiyat \u0130ndeksi&#x27;ndeki art\u0131\u015f oran\u0131 nisanda bir \u00f6nceki aya g\u00f6re en y\u00fcksek y\u00fczde 11,09 ile giyim ve ayakkab\u0131 harcamalar\u0131 grubunda g\u00f6r\u00fcld\u00fc. Bunu y\u00fczde 8,80 ile &quot;konut&quot;, y\u00fczde 6,49 ile &quot;haberle\u015fme&quot;, y\u00fczde 2,57 ile &quot;g\u0131da ve alkols\u00fcz i\u00e7ecekler&quot;, y\u00fczde 2,36 ile &quot;ev e\u015fyas\u0131&quot;, y\u00fczde 1,83 ile &quot;sa\u011fl\u0131k&quot;, y\u00fczde 1,80 ile &quot;\u00e7e\u015fitli mal ve hizmetler&quot;, y\u00fczde 1,58 ile &quot;lokanta ve oteller&quot;, y\u00fczde 0,87 ile &quot;alkoll\u00fc i\u00e7ecekler ve t\u00fct\u00fcn&quot;, y\u00fczde 0,48 ile &quot;ula\u015ft\u0131rma&quot;, y\u00fczde 0,03 ile &quot;e\u011fitim&quot; harcamalar\u0131 grubu izledi.<\/p>\n<p>&quot;E\u011flence ve k\u00fclt\u00fcr&quot; harcama grubunda ise y\u00fczde 0,12 azal\u0131\u015f g\u00f6r\u00fcld\u00fc.<\/p>\n<p>\u0130stanbul&#x27;da nisan ay\u0131 fiyat indeksinin belirlenmesinde giyim ve&#8230;<\/p>\n","protected":false},"excerpt":{"rendered":"<p>\u0130stanbul&#8217;da nisanda bir \u00f6nceki aya g\u00f6re perakende fiyatlar y\u00fczde 3,74, toptan fiyatlar y\u00fczde 4,32 art\u0131\u015f g\u00f6sterdi.<\/p>\n","protected":false},"author":2,"featured_media":31382,"comment_status":"open","ping_status":"open","sticky":false,"template":"","format":"standard","meta":{"footnotes":""},"categories":[6,5],"tags":[],"class_list":["post-31383","post","type-post","status-publish","format-standard","has-post-thumbnail","hentry","category-gundem","category-son-dakika"],"_links":{"self":[{"href":"https:\/\/eskigazeteci.com\/index.php?rest_route=\/wp\/v2\/posts\/31383","targetHints":{"allow":["GET"]}}],"collection":[{"href":"https:\/\/eskigazeteci.com\/index.php?rest_route=\/wp\/v2\/posts"}],"about":[{"href":"https:\/\/eskigazeteci.com\/index.php?rest_route=\/wp\/v2\/types\/post"}],"author":[{"embeddable":true,"href":"https:\/\/eskigazeteci.com\/index.php?rest_route=\/wp\/v2\/users\/2"}],"replies":[{"embeddable":true,"href":"https:\/\/eskigazeteci.com\/index.php?rest_route=%2Fwp%2Fv2%2Fcomments&post=31383"}],"version-history":[{"count":0,"href":"https:\/\/eskigazeteci.com\/index.php?rest_route=\/wp\/v2\/posts\/31383\/revisions"}],"wp:featuredmedia":[{"embeddable":true,"href":"https:\/\/eskigazeteci.com\/index.php?rest_route=\/wp\/v2\/media\/31382"}],"wp:attachment":[{"href":"https:\/\/eskigazeteci.com\/index.php?rest_route=%2Fwp%2Fv2%2Fmedia&parent=31383"}],"wp:term":[{"taxonomy":"category","embeddable":true,"href":"https:\/\/eskigazeteci.com\/index.php?rest_route=%2Fwp%2Fv2%2Fcategories&post=31383"},{"taxonomy":"post_tag","embeddable":true,"href":"https:\/\/eskigazeteci.com\/index.php?rest_route=%2Fwp%2Fv2%2Ftags&post=31383"}],"curies":[{"name":"wp","href":"https:\/\/api.w.org\/{rel}","templated":true}]}}