{"id":31381,"date":"2026-05-01T11:41:29","date_gmt":"2026-05-01T11:41:29","guid":{"rendered":"https:\/\/eskigazeteci.com\/?p=31381"},"modified":"2026-05-01T11:41:29","modified_gmt":"2026-05-01T11:41:29","slug":"narin-guran-cinayeti-davasi-3","status":"publish","type":"post","link":"https:\/\/eskigazeteci.com\/?p=31381","title":{"rendered":"Narin G\u00fcran cinayeti davas\u0131"},"content":{"rendered":"<p>Ba\u011flar il\u00e7esi k\u0131rsal Tav\u015fantepe Mahallesi&#x27;nde 21 A\u011fustos 2024&#x27;te kaybolan Narin G\u00fcran &#x27;\u0131n cans\u0131z bedeni, arama \u00e7al\u0131\u015fmalar\u0131n\u0131n 19&#x27;uncu g\u00fcn\u00fcnde 8 Eyl\u00fcl&#x27;de dere yata\u011f\u0131nda \u00e7uvalda, \u00fczeri 30, 25 ve 20 kilo a\u011f\u0131rl\u0131\u011f\u0131nda 3 ta\u015fla kapat\u0131l\u0131p \u00e7al\u0131l\u0131klarla gizlenmi\u015f halde bulundu. Narin&#x27;in \u00f6l\u00fcm\u00fcne ili\u015fkin y\u00fcr\u00fct\u00fclen soru\u015fturmada amcas\u0131 Salim G\u00fcran, annesi Y\u00fcksel G\u00fcran, a\u011fabeyi Enes G\u00fcran ile g\u00fcvenlik kameras\u0131 g\u00f6r\u00fcnt\u00fclerinden Narin&#x27;in cans\u0131z bedenini k\u0131rm\u0131z\u0131 bir ara\u00e7la dere b\u00f6lgesine g\u00f6t\u00fcrd\u00fc\u011f\u00fc belirlenen kom\u015fular\u0131 Nevzat Bahtiyar hakk\u0131nda Diyarbak\u0131r 8&#x27;inci A\u011f\u0131r Ceza Mahkemesi\u2019nde dava a\u00e7\u0131ld\u0131.<\/p>\n<p>Arac\u0131nda Narin&#x27;e ait DNA ve k\u0131l \u00f6rne\u011fi bulunan amca Salim G\u00fcran, anne Y\u00fcksel G\u00fcran ve a\u011fabey Enes G\u00fcran hakk\u0131nda, kom\u015fular\u0131 Nevzat Bahtiyar ile birlikte &#x27;\u0130\u015ftirak halinde \u00e7ocu\u011fa kar\u015f\u0131 kasten \u00f6ld\u00fcrme&#x27; su\u00e7undan a\u011f\u0131rla\u015ft\u0131r\u0131lm\u0131\u015f m\u00fcebbet hapis cezas\u0131 istendi. Nevzat Bahtiyar, g\u00f6zalt\u0131na al\u0131nd\u0131ktan sonraki ifadesinde Narin&#x27;i \u00f6ld\u00fcrmedi\u011fini, yaln\u0131zca cans\u0131z bedenini dereye ta\u015f\u0131y\u0131p gizledi\u011fini savundu. 28 Aral\u0131k 2024&#x27;te g\u00f6r\u00fclen davan\u0131n 2&#x27;nci duru\u015fmas\u0131nda mahkeme Salim, Y\u00fcksel ve Enes G\u00fcran&#x27;a &#x27;\u0130\u015ftirak halinde \u00e7ocu\u011fa kar\u015f\u0131 kasten \u00f6ld\u00fcrme&#x27; su\u00e7undan a\u011f\u0131rla\u015ft\u0131r\u0131lm\u0131\u015f m\u00fcebbet, Nevzat Bahtiyar&#x27;a &#x27;Su\u00e7 delillerini yok etme,&#8230;<\/p>\n","protected":false},"excerpt":{"rendered":"<p>Diyarbak\u0131r\u2019\u0131n Ba\u011flar il\u00e7esi k\u0131rsal Tav\u015fantepe Mahallesi&#8217;nde 8 ya\u015f\u0131ndaki Narin G\u00fcran cinayetinde, Yarg\u0131tay\u2019\u0131n bozma karar\u0131n\u0131n ard\u0131ndan yeniden yarg\u0131lanan&#8230;<\/p>\n","protected":false},"author":2,"featured_media":31380,"comment_status":"open","ping_status":"open","sticky":false,"template":"","format":"standard","meta":{"footnotes":""},"categories":[6,5],"tags":[],"class_list":["post-31381","post","type-post","status-publish","format-standard","has-post-thumbnail","hentry","category-gundem","category-son-dakika"],"_links":{"self":[{"href":"https:\/\/eskigazeteci.com\/index.php?rest_route=\/wp\/v2\/posts\/31381","targetHints":{"allow":["GET"]}}],"collection":[{"href":"https:\/\/eskigazeteci.com\/index.php?rest_route=\/wp\/v2\/posts"}],"about":[{"href":"https:\/\/eskigazeteci.com\/index.php?rest_route=\/wp\/v2\/types\/post"}],"author":[{"embeddable":true,"href":"https:\/\/eskigazeteci.com\/index.php?rest_route=\/wp\/v2\/users\/2"}],"replies":[{"embeddable":true,"href":"https:\/\/eskigazeteci.com\/index.php?rest_route=%2Fwp%2Fv2%2Fcomments&post=31381"}],"version-history":[{"count":0,"href":"https:\/\/eskigazeteci.com\/index.php?rest_route=\/wp\/v2\/posts\/31381\/revisions"}],"wp:featuredmedia":[{"embeddable":true,"href":"https:\/\/eskigazeteci.com\/index.php?rest_route=\/wp\/v2\/media\/31380"}],"wp:attachment":[{"href":"https:\/\/eskigazeteci.com\/index.php?rest_route=%2Fwp%2Fv2%2Fmedia&parent=31381"}],"wp:term":[{"taxonomy":"category","embeddable":true,"href":"https:\/\/eskigazeteci.com\/index.php?rest_route=%2Fwp%2Fv2%2Fcategories&post=31381"},{"taxonomy":"post_tag","embeddable":true,"href":"https:\/\/eskigazeteci.com\/index.php?rest_route=%2Fwp%2Fv2%2Ftags&post=31381"}],"curies":[{"name":"wp","href":"https:\/\/api.w.org\/{rel}","templated":true}]}}