{"id":31377,"date":"2026-05-01T11:38:20","date_gmt":"2026-05-01T11:38:20","guid":{"rendered":"https:\/\/eskigazeteci.com\/?p=31377"},"modified":"2026-05-01T11:38:20","modified_gmt":"2026-05-01T11:38:20","slug":"ogullari-tarafindan-terk-edilen-unlu-cifti-buyuk-bir-korku-saldi-ne-olur-bizi-torunlarimizdan-da-mahrum-etme","status":"publish","type":"post","link":"https:\/\/eskigazeteci.com\/?p=31377","title":{"rendered":"O\u011fullar\u0131 taraf\u0131ndan terk edilen \u00fcnl\u00fc \u00e7ifti b\u00fcy\u00fck bir korku sald\u0131\u2026 \u2018Ne olur bizi torunlar\u0131m\u0131zdan da mahrum etme!\u2019"},"content":{"rendered":"<p>Ge\u00e7en sene ba\u015flayan bir aile i\u00e7i anla\u015fmazl\u0131k en sonunda b\u00fcy\u00fck bir kopu\u015fa yol a\u00e7t\u0131 ve Beckham ailesinin y\u0131llard\u0131r her \u015feye ra\u011fmen koruduklar\u0131 huzur ve mutluluk bir anda yok olup gitti.<\/p>\n<p>\u00c7iftin en b\u00fcy\u00fck o\u011fullar\u0131 Brooklyn Beckham 2022\u2019de oyuncu ve model Nicola Peltz\u2019le evlendikten sonra yava\u015f yava\u015f ailesinden kopmaya ba\u015flam\u0131\u015ft\u0131. Bu uzakla\u015fma ge\u00e7en y\u0131l zirve yapt\u0131 ve Brooklyn bir anda anne babas\u0131yla ve karde\u015fleriyle olan b\u00fct\u00fcn ileti\u015fimini kesti.<\/p>\n<p>Bir y\u0131ldan fazlad\u0131r o\u011fullar\u0131na ula\u015fmak i\u00e7in her yolu deneyen, s\u00fcrekli bar\u0131\u015fma \u00e7a\u011fr\u0131lar\u0131 yapan David ve Victoria Beckham\u2019\u0131n elleri bo\u015f kald\u0131. Brooklyn Beckham birka\u00e7 ay \u00f6nce \u015foke edici bir sosyal medya payla\u015f\u0131m\u0131 yapt\u0131 ve art\u0131k ailesini hayat\u0131nda istemedi\u011fini a\u00e7\u0131k\u00e7a belirtti.<\/p>\n<p>Anne babas\u0131n\u0131n hayat\u0131 boyunca kendisini bask\u0131 alt\u0131nda tutup kontrol etti\u011fini s\u00f6yleyen Brooklyn bununla yetinmediklerini, kar\u0131s\u0131 Nicola Peltz\u2019i hi\u00e7 sevmediklerini ve ona k\u00f6t\u00fc davrand\u0131klar\u0131n\u0131 da iddia etti. Ve anne babas\u0131yla birlikte karde\u015flerini de hayat\u0131ndan tamamen \u00e7\u0131kard\u0131.<\/p>\n<p>David ve Victoria Beckham t\u00fcm bu s\u00fcre\u00e7ler ya\u015fan\u0131rken hep ba\u015flar\u0131n\u0131 dik tutmaya \u00e7al\u0131\u015ft\u0131lar ve hayatlar\u0131na devam ediyormu\u015f gibi g\u00f6r\u00fcnd\u00fcler ancak ilk g\u00f6z a\u011fr\u0131s\u0131 o\u011fullar\u0131n\u0131n bu karar\u0131 ikisini de&#8230;<\/p>\n","protected":false},"excerpt":{"rendered":"<p>25 y\u0131l\u0131 \u00e7oktan deviren evlilikleri ihanet s\u00f6ylentilerinden bas\u0131n\u0131n bunaltan ilgisine kadar her \u015feyi atlatm\u0131\u015ft\u0131. D\u00f6rt \u00e7ocuklar\u0131yla kurduklar\u0131 mutlu yuva ve&#8230;<\/p>\n","protected":false},"author":2,"featured_media":31376,"comment_status":"open","ping_status":"open","sticky":false,"template":"","format":"standard","meta":{"footnotes":""},"categories":[6,5],"tags":[],"class_list":["post-31377","post","type-post","status-publish","format-standard","has-post-thumbnail","hentry","category-gundem","category-son-dakika"],"_links":{"self":[{"href":"https:\/\/eskigazeteci.com\/index.php?rest_route=\/wp\/v2\/posts\/31377","targetHints":{"allow":["GET"]}}],"collection":[{"href":"https:\/\/eskigazeteci.com\/index.php?rest_route=\/wp\/v2\/posts"}],"about":[{"href":"https:\/\/eskigazeteci.com\/index.php?rest_route=\/wp\/v2\/types\/post"}],"author":[{"embeddable":true,"href":"https:\/\/eskigazeteci.com\/index.php?rest_route=\/wp\/v2\/users\/2"}],"replies":[{"embeddable":true,"href":"https:\/\/eskigazeteci.com\/index.php?rest_route=%2Fwp%2Fv2%2Fcomments&post=31377"}],"version-history":[{"count":0,"href":"https:\/\/eskigazeteci.com\/index.php?rest_route=\/wp\/v2\/posts\/31377\/revisions"}],"wp:featuredmedia":[{"embeddable":true,"href":"https:\/\/eskigazeteci.com\/index.php?rest_route=\/wp\/v2\/media\/31376"}],"wp:attachment":[{"href":"https:\/\/eskigazeteci.com\/index.php?rest_route=%2Fwp%2Fv2%2Fmedia&parent=31377"}],"wp:term":[{"taxonomy":"category","embeddable":true,"href":"https:\/\/eskigazeteci.com\/index.php?rest_route=%2Fwp%2Fv2%2Fcategories&post=31377"},{"taxonomy":"post_tag","embeddable":true,"href":"https:\/\/eskigazeteci.com\/index.php?rest_route=%2Fwp%2Fv2%2Ftags&post=31377"}],"curies":[{"name":"wp","href":"https:\/\/api.w.org\/{rel}","templated":true}]}}