{"id":31373,"date":"2026-05-01T11:31:24","date_gmt":"2026-05-01T11:31:24","guid":{"rendered":"https:\/\/eskigazeteci.com\/?p=31373"},"modified":"2026-05-01T11:31:24","modified_gmt":"2026-05-01T11:31:24","slug":"sakaryada-10-yasindaki-ahmet-balik-tutarken-nehre-dusmustu-11-gun-sonra-aci-haber","status":"publish","type":"post","link":"https:\/\/eskigazeteci.com\/?p=31373","title":{"rendered":"Sakarya&#8217;da 10 ya\u015f\u0131ndaki Ahmet, bal\u0131k tutarken nehre d\u00fc\u015fm\u00fc\u015ft\u00fc! 11 g\u00fcn sonra ac\u0131 haber"},"content":{"rendered":"<p>Olay, 21 Nisan&#x27;da saat 16.30 s\u0131ralar\u0131nda K\u00fcp\u00e7\u00fcler Mahallesi Setalt\u0131 mevkisinde meydana geldi. Irak uyruklu Ahmet \u0130dris (10), bir akrabas\u0131 ile Sakarya Nehri kenar\u0131nda oltalar\u0131na tak\u0131lan bal\u0131\u011f\u0131 nehirden \u00e7\u0131kartmak istedi. Bu s\u0131rada \u0130dris, dengesini kaybedip suya d\u00fc\u015ft\u00fc. Ak\u0131nt\u0131ya kap\u0131lan Ahmet \u0130dris, bir s\u00fcre sonra g\u00f6zden kayboldu. \u0130hbar \u00fczerine b\u00f6lgeye AFAD, Jandarma Arama Kurtarma (JAK), itfaiye, sa\u011fl\u0131k ve polis ekipleri sevk edildi. Ekipler, arama \u00e7al\u0131\u015fmas\u0131 ba\u015flatt\u0131.<\/p>\n<p>Ekiplerin \u00e7al\u0131\u015fmalar\u0131n\u0131n 11\u2019inci g\u00fcn\u00fcnde bu sabah Sakarya K\u00f6pr\u00fcs\u00fc mevkisinde, nehirde bir \u00e7ocuk cesedi bulundu. Yap\u0131lan incelemede, cesedin Ahmet \u0130dris \u2019e ait oldu\u011fu belirlendi. Suya d\u00fc\u015ft\u00fc\u011f\u00fc yerin yakla\u015f\u0131k 5,5 kilometre uza\u011f\u0131nda bulunan \u0130dris\u2019in cans\u0131z bedeni, inceleme sonras\u0131 morga g\u00f6t\u00fcr\u00fcld\u00fc.<\/p>\n<p>Olaya ili\u015fkin ba\u015flat\u0131lan soru\u015fturma s\u00fcr\u00fcyor.<\/p>\n<p>T\u00fcrkiye g\u00fcndeminden son dakika haberleri, bug\u00fcn ya\u015fanan en son geli\u015fmeler, siyaset g\u00fcndeminden g\u00fcncel haberler ve b\u00fct\u00fcn son dakika haberleri i\u00e7in H\u00fcrriyet&#x27;in internet haber sitesi hurriyet.com.tr; Hurriyet.com.tr haber i\u00e7erikleri kaynak g\u00f6sterilmeden al\u0131nt\u0131 yap\u0131lamaz, Kanuna ayk\u0131r\u0131 ve izinsiz olarak kopyalanamaz, ba\u015fka yerde yay\u0131nlanamaz.<\/p>\n","protected":false},"excerpt":{"rendered":"<p>Sakarya&#8217;n\u0131n Erenler il\u00e7esinde bal\u0131k tutarken dengesini kaybedip d\u00fc\u015ft\u00fc\u011f\u00fc nehirde kaybolan 10 ya\u015f\u0131ndaki Ahmet \u0130dris, arama \u00e7al\u0131\u015fmalar\u0131n\u0131n 11\u2019inci g\u00fcn\u00fcnde&#8230;<\/p>\n","protected":false},"author":2,"featured_media":31372,"comment_status":"open","ping_status":"open","sticky":false,"template":"","format":"standard","meta":{"footnotes":""},"categories":[6,5],"tags":[],"class_list":["post-31373","post","type-post","status-publish","format-standard","has-post-thumbnail","hentry","category-gundem","category-son-dakika"],"_links":{"self":[{"href":"https:\/\/eskigazeteci.com\/index.php?rest_route=\/wp\/v2\/posts\/31373","targetHints":{"allow":["GET"]}}],"collection":[{"href":"https:\/\/eskigazeteci.com\/index.php?rest_route=\/wp\/v2\/posts"}],"about":[{"href":"https:\/\/eskigazeteci.com\/index.php?rest_route=\/wp\/v2\/types\/post"}],"author":[{"embeddable":true,"href":"https:\/\/eskigazeteci.com\/index.php?rest_route=\/wp\/v2\/users\/2"}],"replies":[{"embeddable":true,"href":"https:\/\/eskigazeteci.com\/index.php?rest_route=%2Fwp%2Fv2%2Fcomments&post=31373"}],"version-history":[{"count":0,"href":"https:\/\/eskigazeteci.com\/index.php?rest_route=\/wp\/v2\/posts\/31373\/revisions"}],"wp:featuredmedia":[{"embeddable":true,"href":"https:\/\/eskigazeteci.com\/index.php?rest_route=\/wp\/v2\/media\/31372"}],"wp:attachment":[{"href":"https:\/\/eskigazeteci.com\/index.php?rest_route=%2Fwp%2Fv2%2Fmedia&parent=31373"}],"wp:term":[{"taxonomy":"category","embeddable":true,"href":"https:\/\/eskigazeteci.com\/index.php?rest_route=%2Fwp%2Fv2%2Fcategories&post=31373"},{"taxonomy":"post_tag","embeddable":true,"href":"https:\/\/eskigazeteci.com\/index.php?rest_route=%2Fwp%2Fv2%2Ftags&post=31373"}],"curies":[{"name":"wp","href":"https:\/\/api.w.org\/{rel}","templated":true}]}}