{"id":31371,"date":"2026-05-01T11:29:53","date_gmt":"2026-05-01T11:29:53","guid":{"rendered":"https:\/\/eskigazeteci.com\/?p=31371"},"modified":"2026-05-01T11:29:53","modified_gmt":"2026-05-01T11:29:53","slug":"ilgi-artti-fiyat-yukseldi-iste-galatasarayin-osimhen-icin-belirledigi-yeni-bonservis-bedeli","status":"publish","type":"post","link":"https:\/\/eskigazeteci.com\/?p=31371","title":{"rendered":"\u0130lgi artt\u0131, fiyat y\u00fckseldi! \u0130\u015fte Galatasaray&#8217;\u0131n Osimhen i\u00e7in belirledi\u011fi yeni bonservis bedeli"},"content":{"rendered":"<p>Galatasaray &#x27;da ge\u00e7irdi\u011fi ikinci sezonda ikinci \u015fampiyonlu\u011funa ya\u015famaya \u00e7ok yakla\u015fan Victor Osimhen, hem ligde hem de \u015eampiyonlar Ligi&#x27;nde sergiledi\u011fi performansla Avrupa devlerini pe\u015fine takm\u0131\u015f durumda.<\/p>\n<p>Nijeryal\u0131 golc\u00fcyle \u0130spanyol devleri Real Madrid ve Barcelona &#x27;n\u0131n yan\u0131 s\u0131ra \u200b\u200b\u200b\u200bArsenal, Liverpool ve Juventus gibi kul\u00fcpler yak\u0131ndan ilgileniyor.<\/p>\n<p>150 M\u0130LYON EURO VEREN OSIMHEN&#x27;\u0130 ALIR!<\/p>\n<p>AS gazetesinin haberine g\u00f6re; Galatasaray, Victor Osimhen&#x27;e artan ilginin ve Nijeryal\u0131 golc\u00fcn\u00fcn ge\u00e7ti\u011fimiz g\u00fcnlerde yapt\u0131\u011f\u0131 kul\u00fcbe ba\u011fl\u0131l\u0131\u011f\u0131n\u0131 vurgulayan a\u00e7\u0131klamalar\u0131 sonras\u0131nda mali beklentisini y\u00fckselterek Osimhen i\u00e7in daha \u00f6nce belirledi\u011fi bonservis bedelinde art\u0131\u015fa gitti.<\/p>\n<p>Sar\u0131-k\u0131rm\u0131z\u0131l\u0131lar, sezon ba\u015f\u0131nda 75 milyon euro \u00f6dedi\u011fi Victor Osimhen&#x27;e talip olan kul\u00fcplerden art\u0131k 150 milyon euro talep ediyor.<\/p>\n<p>NE DEM\u0130\u015eT\u0130?<\/p>\n<p>Victor Osimhen, ge\u00e7ti\u011fimiz g\u00fcnlerde yapt\u0131\u011f\u0131 a\u00e7\u0131klamada, &quot;Galatasaray benim i\u00e7in ger\u00e7ek bir yuva. Burada bir aile buldum ve ailem de burada \u00e7ok rahat hissediyor. Bu kul\u00fcp aileyi, sevgiyi, birli\u011fi ve sayg\u0131y\u0131 temsil ediyor. Beni Galatasaray&#x27;la bir araya getirdi\u011fi i\u00e7in Tanr\u0131&#x27;ya \u015f\u00fckrediyorum&quot; ifadelerini kullanm\u0131\u015ft\u0131.<\/p>\n<p>PERFORMANSI<\/p>\n<p>Bu sezon Galatasaray formas\u0131yla t\u00fcm kulvarlarda 31 ma\u00e7a&#8230;<\/p>\n","protected":false},"excerpt":{"rendered":"<p>Galatasaray, sergiledi\u011fi performansla ad\u0131 s\u0131k s\u0131k transfer haberlerine konu olan Victor Osimhen&#8217;e olan ilgi art\u0131nca daha \u00f6nce belirledi\u011fi bonservis bedelinde&#8230;<\/p>\n","protected":false},"author":2,"featured_media":31370,"comment_status":"open","ping_status":"open","sticky":false,"template":"","format":"standard","meta":{"footnotes":""},"categories":[5,7],"tags":[],"class_list":["post-31371","post","type-post","status-publish","format-standard","has-post-thumbnail","hentry","category-son-dakika","category-spor"],"_links":{"self":[{"href":"https:\/\/eskigazeteci.com\/index.php?rest_route=\/wp\/v2\/posts\/31371","targetHints":{"allow":["GET"]}}],"collection":[{"href":"https:\/\/eskigazeteci.com\/index.php?rest_route=\/wp\/v2\/posts"}],"about":[{"href":"https:\/\/eskigazeteci.com\/index.php?rest_route=\/wp\/v2\/types\/post"}],"author":[{"embeddable":true,"href":"https:\/\/eskigazeteci.com\/index.php?rest_route=\/wp\/v2\/users\/2"}],"replies":[{"embeddable":true,"href":"https:\/\/eskigazeteci.com\/index.php?rest_route=%2Fwp%2Fv2%2Fcomments&post=31371"}],"version-history":[{"count":0,"href":"https:\/\/eskigazeteci.com\/index.php?rest_route=\/wp\/v2\/posts\/31371\/revisions"}],"wp:featuredmedia":[{"embeddable":true,"href":"https:\/\/eskigazeteci.com\/index.php?rest_route=\/wp\/v2\/media\/31370"}],"wp:attachment":[{"href":"https:\/\/eskigazeteci.com\/index.php?rest_route=%2Fwp%2Fv2%2Fmedia&parent=31371"}],"wp:term":[{"taxonomy":"category","embeddable":true,"href":"https:\/\/eskigazeteci.com\/index.php?rest_route=%2Fwp%2Fv2%2Fcategories&post=31371"},{"taxonomy":"post_tag","embeddable":true,"href":"https:\/\/eskigazeteci.com\/index.php?rest_route=%2Fwp%2Fv2%2Ftags&post=31371"}],"curies":[{"name":"wp","href":"https:\/\/api.w.org\/{rel}","templated":true}]}}