{"id":31369,"date":"2026-05-01T11:28:20","date_gmt":"2026-05-01T11:28:20","guid":{"rendered":"https:\/\/eskigazeteci.com\/?p=31369"},"modified":"2026-05-01T11:28:20","modified_gmt":"2026-05-01T11:28:20","slug":"adli-tatil-ne-zaman-basliyor-2026-bu-yil-adli-tatil-ne-zaman-baslayacak-ve-bitecek","status":"publish","type":"post","link":"https:\/\/eskigazeteci.com\/?p=31369","title":{"rendered":"Adli tatil ne zaman ba\u015fl\u0131yor 2026? Bu y\u0131l adli tatil ne zaman ba\u015flayacak ve bitecek?"},"content":{"rendered":"<p>T\u00fcrkiye\u2019de yarg\u0131 sisteminin her y\u0131l yaz aylar\u0131nda dinlenme d\u00f6nemi olan adli tatil, 2026 y\u0131l\u0131nda da mahkemelerin i\u015fleyi\u015fini etkileyen \u00f6nemli bir s\u00fcre\u00e7 olarak kar\u015f\u0131m\u0131za \u00e7\u0131k\u0131yor. Bu s\u00fcre\u00e7te, hukuki i\u015flemlerine devam etmek isteyen vatanda\u015flar\u0131n, s\u00fcrelerin uzama durumlar\u0131n\u0131 ve adli tatilde g\u00f6r\u00fclen davalar\u0131 dikkate almas\u0131 gerekiyor. Adli tatil s\u00fcresince n\u00f6bet\u00e7i mahkemeler ve icra daireleri belirli i\u015flemleri y\u00fcr\u00fctse de, rutin davalar\u0131n b\u00fcy\u00fck bir k\u0131sm\u0131 yeni adli y\u0131la kadar erteleniyor. Peki, Adli tatil ne zaman ba\u015fl\u0131yor ve bitiyor? \u0130\u015fte adli tatil ba\u015flang\u0131\u00e7 ve biti\u015f tarihi 2026!<\/p>\n<p>Adli tatil, T\u00fcrkiye\u2019de yarg\u0131 sisteminin her y\u0131l d\u00fczenli olarak uygulad\u0131\u011f\u0131 bir dinlenme ve yenilenme d\u00f6nemi olarak tan\u0131mlan\u0131yor. 6100 say\u0131l\u0131 Hukuk Muhakemeleri Kanunu\u2019nun 102. maddesine g\u00f6re, adli tatil her y\u0131l 20 Temmuz\u2019da ba\u015fl\u0131yor ve 31 A\u011fustos\u2019ta sona eriyor. 2026 y\u0131l\u0131nda da bu takvim de\u011fi\u015fmedi; adli tatil 20 Temmuz 2026 Pazartesi g\u00fcn\u00fc resmi olarak ba\u015flayacak ve 31 A\u011fustos 2026 Pazartesi g\u00fcn\u00fc sona erecek. Yeni adli y\u0131l ise 1 Eyl\u00fcl 2026 Sal\u0131 g\u00fcn\u00fc ba\u015flayacak. Bu 43 g\u00fcnl\u00fck s\u00fcre\u00e7te, mahkemeler genel olarak duru\u015fma yapmazken, n\u00f6bet\u00e7i mahkemeler acil ve kanunen istisna say\u0131lan davalar i\u00e7in g\u00f6rev yapmaya devam&#8230;<\/p>\n","protected":false},"excerpt":{"rendered":"<p>T\u00fcrkiye\u2019de yarg\u0131 sisteminin yaz aylar\u0131nda nefes ald\u0131\u011f\u0131, hakim ve savc\u0131lar\u0131n dinlenme f\u0131rsat\u0131 buldu\u011fu adli tatil d\u00f6nemi, 2026 y\u0131l\u0131nda da 6100 say\u0131l\u0131 Hukuk&#8230;<\/p>\n","protected":false},"author":2,"featured_media":31368,"comment_status":"open","ping_status":"open","sticky":false,"template":"","format":"standard","meta":{"footnotes":""},"categories":[6,5],"tags":[],"class_list":["post-31369","post","type-post","status-publish","format-standard","has-post-thumbnail","hentry","category-gundem","category-son-dakika"],"_links":{"self":[{"href":"https:\/\/eskigazeteci.com\/index.php?rest_route=\/wp\/v2\/posts\/31369","targetHints":{"allow":["GET"]}}],"collection":[{"href":"https:\/\/eskigazeteci.com\/index.php?rest_route=\/wp\/v2\/posts"}],"about":[{"href":"https:\/\/eskigazeteci.com\/index.php?rest_route=\/wp\/v2\/types\/post"}],"author":[{"embeddable":true,"href":"https:\/\/eskigazeteci.com\/index.php?rest_route=\/wp\/v2\/users\/2"}],"replies":[{"embeddable":true,"href":"https:\/\/eskigazeteci.com\/index.php?rest_route=%2Fwp%2Fv2%2Fcomments&post=31369"}],"version-history":[{"count":0,"href":"https:\/\/eskigazeteci.com\/index.php?rest_route=\/wp\/v2\/posts\/31369\/revisions"}],"wp:featuredmedia":[{"embeddable":true,"href":"https:\/\/eskigazeteci.com\/index.php?rest_route=\/wp\/v2\/media\/31368"}],"wp:attachment":[{"href":"https:\/\/eskigazeteci.com\/index.php?rest_route=%2Fwp%2Fv2%2Fmedia&parent=31369"}],"wp:term":[{"taxonomy":"category","embeddable":true,"href":"https:\/\/eskigazeteci.com\/index.php?rest_route=%2Fwp%2Fv2%2Fcategories&post=31369"},{"taxonomy":"post_tag","embeddable":true,"href":"https:\/\/eskigazeteci.com\/index.php?rest_route=%2Fwp%2Fv2%2Ftags&post=31369"}],"curies":[{"name":"wp","href":"https:\/\/api.w.org\/{rel}","templated":true}]}}