{"id":31367,"date":"2026-05-01T11:26:45","date_gmt":"2026-05-01T11:26:45","guid":{"rendered":"https:\/\/eskigazeteci.com\/?p=31367"},"modified":"2026-05-01T11:26:45","modified_gmt":"2026-05-01T11:26:45","slug":"edirnede-korkunc-olay-14-yasindaki-gizem-ozdemir-arkadasi-tarafindan-tufekle-vurularak-olduruldu","status":"publish","type":"post","link":"https:\/\/eskigazeteci.com\/?p=31367","title":{"rendered":"Edirne&#8217;de korkun\u00e7 olay! 14 ya\u015f\u0131ndaki Gizem \u00d6zdemir, arkada\u015f\u0131 taraf\u0131ndan t\u00fcfekle vurularak \u00f6ld\u00fcr\u00fcld\u00fc"},"content":{"rendered":"<p>Olay, saat 02.00 s\u0131ralar\u0131nda Menzilahir Mahallesi&#x27;nde meydana geldi. A.\u00c7. adl\u0131 erkek \u00e7ocuk, hen\u00fcz belirlenemeyen nedenle arkada\u015f\u0131 Gizem \u00d6zdemir ile tart\u0131\u015ft\u0131. Tart\u0131\u015fma s\u0131ras\u0131nda A.\u00c7., yan\u0131nda ta\u015f\u0131d\u0131\u011f\u0131 pompal\u0131 t\u00fcfekle \u00d6zdemir&#x27;e ate\u015f edip, ka\u00e7t\u0131.<\/p>\n<p>Gizem \u00d6zdemir kanlar i\u00e7inde yere y\u0131\u011f\u0131l\u0131rken, ihbar \u00fczerine olay yerine polis ve sa\u011fl\u0131k ekipleri sevk edildi. Sa\u011fl\u0131k ekiplerinin yapt\u0131\u011f\u0131 kontrolde, \u00d6zdemir&#x27;in hayat\u0131n\u0131 kaybetti\u011fi belirlendi.<\/p>\n<p>15 YA\u015eINDAK\u0130 ZANLI YAKALANDI<\/p>\n<p>Gizem \u00d6zdemir &#x27;in cans\u0131z bedeni otopsi yap\u0131lmak \u00fczere Adli T\u0131p Kurumu&#x27;na g\u00f6t\u00fcr\u00fcld\u00fc. Polis, ka\u00e7an A.\u00c7.,&#x27;yi bir s\u00fcre sonra yakalayarak, g\u00f6zalt\u0131na al\u0131nd\u0131.<\/p>\n<p>T\u00fcrkiye g\u00fcndeminden son dakika haberleri, bug\u00fcn ya\u015fanan en son geli\u015fmeler, siyaset g\u00fcndeminden g\u00fcncel haberler ve b\u00fct\u00fcn son dakika haberleri i\u00e7in H\u00fcrriyet&#x27;in internet haber sitesi hurriyet.com.tr; Hurriyet.com.tr haber i\u00e7erikleri kaynak g\u00f6sterilmeden al\u0131nt\u0131 yap\u0131lamaz, Kanuna ayk\u0131r\u0131 ve izinsiz olarak kopyalanamaz, ba\u015fka yerde yay\u0131nlanamaz.<\/p>\n","protected":false},"excerpt":{"rendered":"<p>Edirne&#8217;de 15 ya\u015f\u0131ndaki A.\u00c7. adl\u0131 erkek \u00e7ocu\u011fu, 14 ya\u015f\u0131ndaki arkada\u015f\u0131 Gizem \u00d6zdemir&#8217;i, pompal\u0131 t\u00fcfekle vurarak \u00f6ld\u00fcrd\u00fc.<\/p>\n","protected":false},"author":2,"featured_media":31366,"comment_status":"open","ping_status":"open","sticky":false,"template":"","format":"standard","meta":{"footnotes":""},"categories":[6,5],"tags":[],"class_list":["post-31367","post","type-post","status-publish","format-standard","has-post-thumbnail","hentry","category-gundem","category-son-dakika"],"_links":{"self":[{"href":"https:\/\/eskigazeteci.com\/index.php?rest_route=\/wp\/v2\/posts\/31367","targetHints":{"allow":["GET"]}}],"collection":[{"href":"https:\/\/eskigazeteci.com\/index.php?rest_route=\/wp\/v2\/posts"}],"about":[{"href":"https:\/\/eskigazeteci.com\/index.php?rest_route=\/wp\/v2\/types\/post"}],"author":[{"embeddable":true,"href":"https:\/\/eskigazeteci.com\/index.php?rest_route=\/wp\/v2\/users\/2"}],"replies":[{"embeddable":true,"href":"https:\/\/eskigazeteci.com\/index.php?rest_route=%2Fwp%2Fv2%2Fcomments&post=31367"}],"version-history":[{"count":0,"href":"https:\/\/eskigazeteci.com\/index.php?rest_route=\/wp\/v2\/posts\/31367\/revisions"}],"wp:featuredmedia":[{"embeddable":true,"href":"https:\/\/eskigazeteci.com\/index.php?rest_route=\/wp\/v2\/media\/31366"}],"wp:attachment":[{"href":"https:\/\/eskigazeteci.com\/index.php?rest_route=%2Fwp%2Fv2%2Fmedia&parent=31367"}],"wp:term":[{"taxonomy":"category","embeddable":true,"href":"https:\/\/eskigazeteci.com\/index.php?rest_route=%2Fwp%2Fv2%2Fcategories&post=31367"},{"taxonomy":"post_tag","embeddable":true,"href":"https:\/\/eskigazeteci.com\/index.php?rest_route=%2Fwp%2Fv2%2Ftags&post=31367"}],"curies":[{"name":"wp","href":"https:\/\/api.w.org\/{rel}","templated":true}]}}