{"id":31361,"date":"2026-05-01T10:49:51","date_gmt":"2026-05-01T10:49:51","guid":{"rendered":"https:\/\/eskigazeteci.com\/?p=31361"},"modified":"2026-05-01T10:49:51","modified_gmt":"2026-05-01T10:49:51","slug":"rabia-naz-vatanin-olumu-acili-baba-saban-vatan-onemli-gelismelere-dair-bazi-belirtiler-var","status":"publish","type":"post","link":"https:\/\/eskigazeteci.com\/?p=31361","title":{"rendered":"Rabia Naz Vatan&#8217;\u0131n \u00f6l\u00fcm\u00fc&#8230; Ac\u0131l\u0131 baba \u015eaban Vatan: \u00d6nemli geli\u015fmelere dair baz\u0131 belirtiler var"},"content":{"rendered":"<p>Rabia Naz Vatan, 12 Nisan 2018&#x27;de, Eynesil il\u00e7esi G\u00fcm\u00fc\u015f\u00e7ay Mahallesi&#x27;ndeki evlerinin \u00f6n\u00fcnde yaral\u0131 halde bulundu. \u0130hbar \u00fczerine b\u00f6lgeye sevk edilen sa\u011fl\u0131k ekibi taraf\u0131ndan hastaneye kald\u0131r\u0131lan Rabia Naz, doktorlar\u0131n t\u00fcm m\u00fcdahalelerine ra\u011fmen kurtar\u0131lamad\u0131. Rabia Naz Vatan\u2019\u0131n \u00f6l\u00fcm nedeninin tespiti i\u00e7in Adli T\u0131p Kurumu taraf\u0131ndan rapor haz\u0131rland\u0131. Raporda \u00f6l\u00fcm\u00fcn, genel beden travmas\u0131na ba\u011fl\u0131 k\u0131r\u0131k ve i\u00e7 organ yaralanmas\u0131 sonucu meydana geldi\u011fi, y\u00fcksekten d\u00fc\u015fme ile uyumlu oldu\u011fu kaydedildi. Aile ise k\u0131zlar\u0131na otomobil \u00e7arpt\u0131\u011f\u0131n\u0131 ve yaral\u0131 olarak evin \u00f6n\u00fcne b\u0131rak\u0131ld\u0131\u011f\u0131n\u0131 iddia etti.<\/p>\n<p>Giresun Cumhuriyet Ba\u015fsavc\u0131l\u0131\u011f\u0131 taraf\u0131ndan yap\u0131lan a\u00e7\u0131klamada, Rabia Naz\u2019\u0131n \u00f6l\u00fcm\u00fcn\u00fcn y\u00fcksekten d\u00fc\u015fme sonucu meydana geldi\u011fi, ba\u015fkas\u0131 taraf\u0131ndan kasten ya da taksirle \u00f6ld\u00fcr\u00fcld\u00fc\u011f\u00fc y\u00f6n\u00fcnde bir delil tespit edilemedi\u011fine yer verildi. 130 ki\u015finin tan\u0131k olarak dinlendi\u011fi kaydedilen a\u00e7\u0131klamada, &quot;T\u00fcm dosya kapsam\u0131ndan, Rabia Naz Vatan &#x27;\u0131n evinin \u00e7at\u0131s\u0131ndan d\u00fc\u015ferek vefat etti\u011fi kanaatine var\u0131lm\u0131\u015f, ba\u015fka birinin kusuru tespit edilemeyen olay hakk\u0131nda kovu\u015fturmaya yer olmad\u0131\u011f\u0131na dair karar verilmi\u015ftir&quot; ifadesi kullan\u0131ld\u0131.<\/p>\n<p>BABA VATAN\u2019DAN SU\u00c7 DUYURUSU<\/p>\n<p>Adalet Bakan\u0131 Ak\u0131n G\u00fcrlek\u2019in, &quot;Sadece G\u00fclistan Doku dosyas\u0131&#8230;<\/p>\n","protected":false},"excerpt":{"rendered":"<p>Giresun&#8217;da 8 y\u0131l \u00f6nce evlerinin \u00f6n\u00fcnde yaral\u0131 bulunup, kald\u0131r\u0131ld\u0131\u011f\u0131 hastanede hayat\u0131n\u0131 kaybeden, savc\u0131l\u0131k soru\u015fturmas\u0131nda takipsizlik karar\u0131 verilen 11&#8230;<\/p>\n","protected":false},"author":2,"featured_media":31360,"comment_status":"open","ping_status":"open","sticky":false,"template":"","format":"standard","meta":{"footnotes":""},"categories":[6,5],"tags":[],"class_list":["post-31361","post","type-post","status-publish","format-standard","has-post-thumbnail","hentry","category-gundem","category-son-dakika"],"_links":{"self":[{"href":"https:\/\/eskigazeteci.com\/index.php?rest_route=\/wp\/v2\/posts\/31361","targetHints":{"allow":["GET"]}}],"collection":[{"href":"https:\/\/eskigazeteci.com\/index.php?rest_route=\/wp\/v2\/posts"}],"about":[{"href":"https:\/\/eskigazeteci.com\/index.php?rest_route=\/wp\/v2\/types\/post"}],"author":[{"embeddable":true,"href":"https:\/\/eskigazeteci.com\/index.php?rest_route=\/wp\/v2\/users\/2"}],"replies":[{"embeddable":true,"href":"https:\/\/eskigazeteci.com\/index.php?rest_route=%2Fwp%2Fv2%2Fcomments&post=31361"}],"version-history":[{"count":0,"href":"https:\/\/eskigazeteci.com\/index.php?rest_route=\/wp\/v2\/posts\/31361\/revisions"}],"wp:featuredmedia":[{"embeddable":true,"href":"https:\/\/eskigazeteci.com\/index.php?rest_route=\/wp\/v2\/media\/31360"}],"wp:attachment":[{"href":"https:\/\/eskigazeteci.com\/index.php?rest_route=%2Fwp%2Fv2%2Fmedia&parent=31361"}],"wp:term":[{"taxonomy":"category","embeddable":true,"href":"https:\/\/eskigazeteci.com\/index.php?rest_route=%2Fwp%2Fv2%2Fcategories&post=31361"},{"taxonomy":"post_tag","embeddable":true,"href":"https:\/\/eskigazeteci.com\/index.php?rest_route=%2Fwp%2Fv2%2Ftags&post=31361"}],"curies":[{"name":"wp","href":"https:\/\/api.w.org\/{rel}","templated":true}]}}