{"id":31359,"date":"2026-05-01T10:48:17","date_gmt":"2026-05-01T10:48:17","guid":{"rendered":"https:\/\/eskigazeteci.com\/?p=31359"},"modified":"2026-05-01T10:48:17","modified_gmt":"2026-05-01T10:48:17","slug":"ergin-ataman-baskanimiz-dimitris-giannakopoulosu-tutuklamaya-calisiyorlar","status":"publish","type":"post","link":"https:\/\/eskigazeteci.com\/?p=31359","title":{"rendered":"Ergin Ataman: &#8216;Ba\u015fkan\u0131m\u0131z Dimitris Giannakopoulos\u2019u tutuklamaya \u00e7al\u0131\u015f\u0131yorlar!&#8217;"},"content":{"rendered":"<p>Panathinaikos, EuroLeague Play-off serisi ikinci ma\u00e7\u0131nda Valencia \u2019y\u0131 uzatma sonunda 107-105 ma\u011flup ederek seride durumu 2-0&#x27;a getirdi.<\/p>\n<p>Ma\u00e7\u0131n bitmesinin hemen ard\u0131ndan uzun s\u00fcren gerginlik ya\u015fand\u0131. Salonun g\u00fcvenlik g\u00f6revlileri, Panathinaikos kafilesinden baz\u0131 \u00fcyeleri uzakla\u015ft\u0131r\u0131rken, Dimitris Giannakopoulos i\u00e7in de polisi olay yerine \u00e7a\u011f\u0131rd\u0131.<\/p>\n<p>\u0130spanyol kul\u00fcp, sert bir a\u00e7\u0131klamayla Panathinaikos&#x27;un sahibinin hakemleri etkilemeye \u00e7al\u0131\u015ft\u0131\u011f\u0131n\u0131 ve yetkililerle i\u015fbirli\u011fi yapmad\u0131\u011f\u0131 i\u00e7in, tak\u0131m\u0131n di\u011fer yetkilileri gibi yetkililerle i\u015fbirli\u011fi yapmad\u0131\u011f\u0131 i\u00e7in, Dimitris Giannakopoulos&#x27;a idari para cezas\u0131 verilip verilmeyece\u011fini belirleyecek bir disiplin s\u00fcreci ba\u015flat\u0131ld\u0131\u011f\u0131n\u0131 duyurdu.<\/p>\n<p>Panathinaikos ba\u015fantren\u00f6r\u00fc Ergin Ataman, bas\u0131n toplant\u0131s\u0131nda ise ma\u00e7 sonu ya\u015fananlara de\u011findi:<\/p>\n<p>&quot;Bunu daha \u00f6nce EuroLeague TV&#x27;de de s\u00f6ylemi\u015ftim, \u015fimdi ise k\u0131sa kesece\u011fim \u00e7\u00fcnk\u00fc \u015fu anda personelimizden baz\u0131lar\u0131n\u0131 ve ba\u015fkan\u0131m\u0131z Giannakopoulos&#x27;u tutuklamak isteyen on polis var. Otuz y\u0131ld\u0131r bu sporun i\u00e7indeyim ve daha \u00f6nce b\u00f6yle bir \u015fey g\u00f6rmedim. Son saniyede kazand\u0131k, herkes mutlu ve bizim keyfimizi ka\u00e7\u0131rmak i\u00e7in soyunma odam\u0131za on polis soktular ve \u015fimdi de ba\u015fkan\u0131m\u0131z\u0131, genel m\u00fcd\u00fcr\u00fcm\u00fcz\u00fc tutuklamaya \u00e7al\u0131\u015f\u0131yorlar\u2026 Bu&#8230;<\/p>\n","protected":false},"excerpt":{"rendered":"<p>EuroLeague\u2019de Play-off serisindeki ikinci ma\u00e7\u0131nda Panathinaikos, Valencia deplasman\u0131nda uzatmada kazanarak seride 2-0 \u00f6ne ge\u00e7ti. Ergin Ataman kar\u015f\u0131la\u015fma&#8230;<\/p>\n","protected":false},"author":2,"featured_media":31358,"comment_status":"open","ping_status":"open","sticky":false,"template":"","format":"standard","meta":{"footnotes":""},"categories":[5,7],"tags":[],"class_list":["post-31359","post","type-post","status-publish","format-standard","has-post-thumbnail","hentry","category-son-dakika","category-spor"],"_links":{"self":[{"href":"https:\/\/eskigazeteci.com\/index.php?rest_route=\/wp\/v2\/posts\/31359","targetHints":{"allow":["GET"]}}],"collection":[{"href":"https:\/\/eskigazeteci.com\/index.php?rest_route=\/wp\/v2\/posts"}],"about":[{"href":"https:\/\/eskigazeteci.com\/index.php?rest_route=\/wp\/v2\/types\/post"}],"author":[{"embeddable":true,"href":"https:\/\/eskigazeteci.com\/index.php?rest_route=\/wp\/v2\/users\/2"}],"replies":[{"embeddable":true,"href":"https:\/\/eskigazeteci.com\/index.php?rest_route=%2Fwp%2Fv2%2Fcomments&post=31359"}],"version-history":[{"count":0,"href":"https:\/\/eskigazeteci.com\/index.php?rest_route=\/wp\/v2\/posts\/31359\/revisions"}],"wp:featuredmedia":[{"embeddable":true,"href":"https:\/\/eskigazeteci.com\/index.php?rest_route=\/wp\/v2\/media\/31358"}],"wp:attachment":[{"href":"https:\/\/eskigazeteci.com\/index.php?rest_route=%2Fwp%2Fv2%2Fmedia&parent=31359"}],"wp:term":[{"taxonomy":"category","embeddable":true,"href":"https:\/\/eskigazeteci.com\/index.php?rest_route=%2Fwp%2Fv2%2Fcategories&post=31359"},{"taxonomy":"post_tag","embeddable":true,"href":"https:\/\/eskigazeteci.com\/index.php?rest_route=%2Fwp%2Fv2%2Ftags&post=31359"}],"curies":[{"name":"wp","href":"https:\/\/api.w.org\/{rel}","templated":true}]}}