{"id":31357,"date":"2026-05-01T10:46:44","date_gmt":"2026-05-01T10:46:44","guid":{"rendered":"https:\/\/eskigazeteci.com\/?p=31357"},"modified":"2026-05-01T10:46:44","modified_gmt":"2026-05-01T10:46:44","slug":"unlu-oyuncu-hayatini-kaybetti-geride-3-yasindaki-hasta-kizini-birakti","status":"publish","type":"post","link":"https:\/\/eskigazeteci.com\/?p=31357","title":{"rendered":"\u00dcnl\u00fc oyuncu hayat\u0131n\u0131 kaybetti\u2026 Geride 3 ya\u015f\u0131ndaki hasta k\u0131z\u0131n\u0131 b\u0131rakt\u0131"},"content":{"rendered":"<p>G\u00fcney Kore e\u011flence sekt\u00f6r\u00fc bir trajedi daha ya\u015fad\u0131.<\/p>\n<p>\u00dcnl\u00fc oyuncu Park Dong-bin ge\u00e7ti\u011fimiz g\u00fcn \u00f6l\u00fc bulundu . Geride e\u015fi ve \u00fc\u00e7 ya\u015f\u0131ndaki k\u0131z\u0131 kald\u0131.<\/p>\n<p>56 ya\u015f\u0131ndaki oyuncunun cesedinin a\u00e7\u0131l\u0131\u015f\u0131 i\u00e7in haz\u0131rl\u0131k yapt\u0131\u011f\u0131 Pyeongtaek&#x27;teki restoran\u0131n\u0131n i\u00e7inde bulundu\u011fu a\u00e7\u0131kland\u0131.<\/p>\n<p>Korea Times gazetesine g\u00f6re, y\u0131ld\u0131z\u0131n cesedi, yeni i\u015finde kendisine yard\u0131mc\u0131 olan bir tan\u0131d\u0131\u011f\u0131 taraf\u0131ndan bulundu. Pyeongtaek Polis Karakolu yetkilileri, olayda herhangi bir cinayet delili olmad\u0131\u011f\u0131n\u0131 ve intihar notu da bulunmad\u0131\u011f\u0131n\u0131 s\u00f6yledi.<\/p>\n<p>Park Dong-bin\u2019in \u00f6l\u00fcm nedenine ili\u015fkin soru\u015fturmalar devam ediyor.<\/p>\n<p>Park trajik \u00f6l\u00fcm\u00fcyle alt\u0131 y\u0131ll\u0131k e\u015fi Lee Sang-yi ve do\u011fdu\u011fundan beri ciddi bir kalp hastal\u0131\u011f\u0131yla m\u00fccadele eden \u00fc\u00e7 ya\u015f\u0131ndaki k\u0131z\u0131 Jiyu&#x27;yu geride b\u0131rakt\u0131.<\/p>\n<p>Park, 2024 y\u0131l\u0131nda Kore terapi program\u0131 Oh Eun-young&#x27;un Alt\u0131n Dan\u0131\u015fmanl\u0131k Merkezi&#x27;nde verdi\u011fi duygusal bir r\u00f6portajda k\u0131z\u0131n\u0131n sa\u011fl\u0131k sorunlar\u0131ndan bahsetmi\u015fti.<\/p>\n<p>\u00dcnl\u00fc oyuncu k\u0131z\u0131n\u0131n durumunu &quot;Sol kalp hipoplastik sendromu var, yani sol ventrik\u00fcl ve aort geli\u015fmemi\u015f durumda. Kalp nakli veya ameliyatlar olmadan \u00f6lebilir&quot; s\u00f6zleriyle anlatt\u0131.<\/p>\n<p>Jiyu, do\u011fduktan sadece d\u00f6rt g\u00fcn sonra ilk ameliyat\u0131n\u0131 ge\u00e7irdi ve daha sonra iki ameliyat daha oldu. Ayn\u0131 r\u00f6portajda Park,&#8230;<\/p>\n","protected":false},"excerpt":{"rendered":"<p>Benzer durumlar\u0131n s\u0131k s\u0131k ya\u015fand\u0131\u011f\u0131, \u00fcnl\u00fc \u015fark\u0131c\u0131 ve oyuncular\u0131n s\u0131rlar\u0131yla birlikte mezara gitti\u011fi G\u00fcney Kore\u2019den yine \u00fcz\u00fcc\u00fc bir \u00f6l\u00fcm haberi geldi.<\/p>\n","protected":false},"author":2,"featured_media":31356,"comment_status":"open","ping_status":"open","sticky":false,"template":"","format":"standard","meta":{"footnotes":""},"categories":[6,5],"tags":[],"class_list":["post-31357","post","type-post","status-publish","format-standard","has-post-thumbnail","hentry","category-gundem","category-son-dakika"],"_links":{"self":[{"href":"https:\/\/eskigazeteci.com\/index.php?rest_route=\/wp\/v2\/posts\/31357","targetHints":{"allow":["GET"]}}],"collection":[{"href":"https:\/\/eskigazeteci.com\/index.php?rest_route=\/wp\/v2\/posts"}],"about":[{"href":"https:\/\/eskigazeteci.com\/index.php?rest_route=\/wp\/v2\/types\/post"}],"author":[{"embeddable":true,"href":"https:\/\/eskigazeteci.com\/index.php?rest_route=\/wp\/v2\/users\/2"}],"replies":[{"embeddable":true,"href":"https:\/\/eskigazeteci.com\/index.php?rest_route=%2Fwp%2Fv2%2Fcomments&post=31357"}],"version-history":[{"count":0,"href":"https:\/\/eskigazeteci.com\/index.php?rest_route=\/wp\/v2\/posts\/31357\/revisions"}],"wp:featuredmedia":[{"embeddable":true,"href":"https:\/\/eskigazeteci.com\/index.php?rest_route=\/wp\/v2\/media\/31356"}],"wp:attachment":[{"href":"https:\/\/eskigazeteci.com\/index.php?rest_route=%2Fwp%2Fv2%2Fmedia&parent=31357"}],"wp:term":[{"taxonomy":"category","embeddable":true,"href":"https:\/\/eskigazeteci.com\/index.php?rest_route=%2Fwp%2Fv2%2Fcategories&post=31357"},{"taxonomy":"post_tag","embeddable":true,"href":"https:\/\/eskigazeteci.com\/index.php?rest_route=%2Fwp%2Fv2%2Ftags&post=31357"}],"curies":[{"name":"wp","href":"https:\/\/api.w.org\/{rel}","templated":true}]}}