{"id":31355,"date":"2026-05-01T10:26:41","date_gmt":"2026-05-01T10:26:41","guid":{"rendered":"https:\/\/eskigazeteci.com\/?p=31355"},"modified":"2026-05-01T10:26:41","modified_gmt":"2026-05-01T10:26:41","slug":"azerbaycan-ve-avrupa-arasinda-tansiyon-yukseldi","status":"publish","type":"post","link":"https:\/\/eskigazeteci.com\/?p=31355","title":{"rendered":"Azerbaycan ve Avrupa aras\u0131nda tansiyon y\u00fckseldi"},"content":{"rendered":"<p>Azerbaycan, Avrupa Parlamentosu\u2019nun (AP) kabul etti\u011fi kararda yer alan \u201cas\u0131ls\u0131z ve \u00f6nyarg\u0131l\u0131\u201d ifadeler nedeniyle Avrupa Birli\u011fi\u2019ne (AB) nota verdi. Diplomatik gerilim, Bak\u00fc ile Br\u00fcksel hatt\u0131nda kar\u015f\u0131l\u0131kl\u0131 sert a\u00e7\u0131klamalarla t\u0131rmand\u0131.<\/p>\n<p>AB B\u00dcY\u00dcKEL\u00c7\u0130S\u0130 DI\u015e\u0130\u015eLER\u0130NE \u00c7A\u011eRILDI<\/p>\n<p>Azerbaycan D\u0131\u015fi\u015fleri Bakanl\u0131\u011f\u0131, AP\u2019nin son karar\u0131n\u0131n ard\u0131ndan AB\u2019nin Bak\u00fc B\u00fcy\u00fckel\u00e7isi Marijana Kujundzic\u2019in bakanl\u0131\u011fa \u00e7a\u011fr\u0131ld\u0131\u011f\u0131n\u0131 a\u00e7\u0131klad\u0131. G\u00f6r\u00fc\u015fmede, AP\u2019nin karar\u0131ndaki ifadelerin \u201ckesin dille k\u0131nand\u0131\u011f\u0131\u201d ve resmi notan\u0131n iletildi\u011fi belirtildi.<\/p>\n<p>\u201cGER\u00c7EKLER \u00c7ARPITILIYOR\u201d TEPK\u0130S\u0130<\/p>\n<p>G\u00f6r\u00fc\u015fmede, Avrupa Parlamentosu\u2019nun de\u011ferlendirmelerinin ger\u00e7ekleri \u00e7arp\u0131tt\u0131\u011f\u0131, devletlerin egemenli\u011fi ve toprak b\u00fct\u00fcnl\u00fc\u011f\u00fcne sayg\u0131 ilkelerine ayk\u0131r\u0131 oldu\u011fu vurguland\u0131.<\/p>\n<p>Bu tutumun Azerbaycan\u2013AB ili\u015fkilerinin gelece\u011fine ve b\u00f6lgede y\u00fcr\u00fct\u00fclen normalle\u015fme s\u00fcrecine zarar verdi\u011fi ifade edildi.<\/p>\n<p>KARABA\u011e VE \u201c\u0130\u00c7 \u0130\u015eLER\u0130NE M\u00dcDAHALE\u201d VURGUSU<\/p>\n<p>AP\u2019nin Karaba\u011f\u2019dan ayr\u0131lan Ermeni sakinlerin geri d\u00f6n\u00fc\u015f\u00fcne ili\u015fkin \u00e7a\u011fr\u0131lar\u0131n\u0131n Azerbaycan\u2019\u0131n i\u00e7 i\u015flerine m\u00fcdahale niteli\u011fi ta\u015f\u0131d\u0131\u011f\u0131 kaydedildi.<\/p>\n<p>Bak\u00fc y\u00f6netimi, 2023\u2019te Karaba\u011f\u2019daki Ermeni vatanda\u015flara entegrasyon \u00f6nerildi\u011fini hat\u0131rlatarak, b\u00f6lgeyi terk edenlerin bunu g\u00f6n\u00fcll\u00fc olarak yapt\u0131\u011f\u0131na dikkat&#8230;<\/p>\n","protected":false},"excerpt":{"rendered":"<p>Azerbaycan, Avrupa Parlamentosunun (AP) kabul etti\u011fi bir kararda yer alan ifadeler nedeniyle Avrupa Birli\u011fi&#8217;ne (AB) nota verdi. Azerbaycan taraf\u0131ndan AP&#8217;ye&#8230;<\/p>\n","protected":false},"author":2,"featured_media":31354,"comment_status":"open","ping_status":"open","sticky":false,"template":"","format":"standard","meta":{"footnotes":""},"categories":[6,5],"tags":[],"class_list":["post-31355","post","type-post","status-publish","format-standard","has-post-thumbnail","hentry","category-gundem","category-son-dakika"],"_links":{"self":[{"href":"https:\/\/eskigazeteci.com\/index.php?rest_route=\/wp\/v2\/posts\/31355","targetHints":{"allow":["GET"]}}],"collection":[{"href":"https:\/\/eskigazeteci.com\/index.php?rest_route=\/wp\/v2\/posts"}],"about":[{"href":"https:\/\/eskigazeteci.com\/index.php?rest_route=\/wp\/v2\/types\/post"}],"author":[{"embeddable":true,"href":"https:\/\/eskigazeteci.com\/index.php?rest_route=\/wp\/v2\/users\/2"}],"replies":[{"embeddable":true,"href":"https:\/\/eskigazeteci.com\/index.php?rest_route=%2Fwp%2Fv2%2Fcomments&post=31355"}],"version-history":[{"count":0,"href":"https:\/\/eskigazeteci.com\/index.php?rest_route=\/wp\/v2\/posts\/31355\/revisions"}],"wp:featuredmedia":[{"embeddable":true,"href":"https:\/\/eskigazeteci.com\/index.php?rest_route=\/wp\/v2\/media\/31354"}],"wp:attachment":[{"href":"https:\/\/eskigazeteci.com\/index.php?rest_route=%2Fwp%2Fv2%2Fmedia&parent=31355"}],"wp:term":[{"taxonomy":"category","embeddable":true,"href":"https:\/\/eskigazeteci.com\/index.php?rest_route=%2Fwp%2Fv2%2Fcategories&post=31355"},{"taxonomy":"post_tag","embeddable":true,"href":"https:\/\/eskigazeteci.com\/index.php?rest_route=%2Fwp%2Fv2%2Ftags&post=31355"}],"curies":[{"name":"wp","href":"https:\/\/api.w.org\/{rel}","templated":true}]}}