{"id":31351,"date":"2026-05-01T10:16:41","date_gmt":"2026-05-01T10:16:41","guid":{"rendered":"https:\/\/eskigazeteci.com\/?p=31351"},"modified":"2026-05-01T10:16:41","modified_gmt":"2026-05-01T10:16:41","slug":"tv-yayin-akisi-1-mayis-2026-cuma","status":"publish","type":"post","link":"https:\/\/eskigazeteci.com\/?p=31351","title":{"rendered":"TV YAYIN AKI\u015eI 1 MAYIS 2026 CUMA"},"content":{"rendered":"<p>Bu ak\u015fam hangi diziler var sorusu, 1 May\u0131s Cuma TV yay\u0131n ak\u0131\u015f\u0131 listesi ile yan\u0131t buldu. Haftan\u0131n yorgunlu\u011funu ekran ba\u015f\u0131nda dinlenerek atmak isteyenler ekranlara gelecek yap\u0131mlar\u0131 merak ediyor. Bu ak\u015fam Kanal D ekranlar\u0131nda Arka Sokaklar merakla beklenen yeni b\u00f6l\u00fcm\u00fc ile izleyici kar\u015f\u0131s\u0131na \u00e7\u0131kacak. Now TV ekranlar\u0131nda ise Kutsal Damacana 4 izleyiciyle bulu\u015facak. Peki TV yay\u0131n ak\u0131\u015f\u0131 bug\u00fcn neler var? \u0130\u015fte, Kanal D, Show TV, TRT1, TV8, Star TV, Now TV, ATV yay\u0131n ak\u0131\u015f\u0131 1 May\u0131s 2026 Cuma!<\/p>\n<p>Bu ak\u015fam hangi diziler var sorusu, 1 May\u0131s Cuma TV yay\u0131n ak\u0131\u015f\u0131 listesi ile yan\u0131t buldu. Haftan\u0131n yorgunlu\u011funu ekran ba\u015f\u0131nda dinlenerek atmak isteyenler ekranlara gelecek yap\u0131mlar\u0131 merak ediyor. Bu ak\u015fam Kanal D ekranlar\u0131nda Arka Sokaklar merakla beklenen yeni b\u00f6l\u00fcm\u00fc ile izleyici kar\u015f\u0131s\u0131na \u00e7\u0131kacak. Now TV ekranlar\u0131nda ise Kutsal Damacana 4 izleyiciyle bulu\u015facak. Peki TV yay\u0131n ak\u0131\u015f\u0131 bug\u00fcn neler var? \u0130\u015fte, Kanal D, Show TV, TRT1, TV8, Star TV, Now TV, ATV yay\u0131n ak\u0131\u015f\u0131 1 May\u0131s 2026 Cuma!<\/p>\n<p>07:00 K\u00fc\u00e7\u00fck A\u011fa 09.00 Neler Oluyor Hayatta? 11.00 Yaprak D\u00f6k\u00fcm\u00fc 14.00 Gelinim Mutfakta 16.45 Arka Sokaklar 18.30 Kanal D Ana Haber 20.00 Arka Sokaklar 00:15 Uzak \u015eehir<\/p>\n<p>07:00 K\u00fc\u00e7\u00fck A\u011fa 09.00 Neler Oluyor Hayatta? 11.00&#8230;<\/p>\n","protected":false},"excerpt":{"rendered":"<p>TV yay\u0131n ak\u0131\u015f\u0131 listesi ile 1 May\u0131s Cuma ak\u015fam\u0131 ekrana gelecek yap\u0131mlar da belli oldu. Haftan\u0131n i\u015f g\u00fcn\u00fcn\u00fcn yorgunlu\u011funu ekran ba\u015f\u0131nda atmak isteyenler bug\u00fcn&#8230;<\/p>\n","protected":false},"author":2,"featured_media":31350,"comment_status":"open","ping_status":"open","sticky":false,"template":"","format":"standard","meta":{"footnotes":""},"categories":[6,5],"tags":[],"class_list":["post-31351","post","type-post","status-publish","format-standard","has-post-thumbnail","hentry","category-gundem","category-son-dakika"],"_links":{"self":[{"href":"https:\/\/eskigazeteci.com\/index.php?rest_route=\/wp\/v2\/posts\/31351","targetHints":{"allow":["GET"]}}],"collection":[{"href":"https:\/\/eskigazeteci.com\/index.php?rest_route=\/wp\/v2\/posts"}],"about":[{"href":"https:\/\/eskigazeteci.com\/index.php?rest_route=\/wp\/v2\/types\/post"}],"author":[{"embeddable":true,"href":"https:\/\/eskigazeteci.com\/index.php?rest_route=\/wp\/v2\/users\/2"}],"replies":[{"embeddable":true,"href":"https:\/\/eskigazeteci.com\/index.php?rest_route=%2Fwp%2Fv2%2Fcomments&post=31351"}],"version-history":[{"count":0,"href":"https:\/\/eskigazeteci.com\/index.php?rest_route=\/wp\/v2\/posts\/31351\/revisions"}],"wp:featuredmedia":[{"embeddable":true,"href":"https:\/\/eskigazeteci.com\/index.php?rest_route=\/wp\/v2\/media\/31350"}],"wp:attachment":[{"href":"https:\/\/eskigazeteci.com\/index.php?rest_route=%2Fwp%2Fv2%2Fmedia&parent=31351"}],"wp:term":[{"taxonomy":"category","embeddable":true,"href":"https:\/\/eskigazeteci.com\/index.php?rest_route=%2Fwp%2Fv2%2Fcategories&post=31351"},{"taxonomy":"post_tag","embeddable":true,"href":"https:\/\/eskigazeteci.com\/index.php?rest_route=%2Fwp%2Fv2%2Ftags&post=31351"}],"curies":[{"name":"wp","href":"https:\/\/api.w.org\/{rel}","templated":true}]}}