{"id":31349,"date":"2026-05-01T10:06:39","date_gmt":"2026-05-01T10:06:39","guid":{"rendered":"https:\/\/eskigazeteci.com\/?p=31349"},"modified":"2026-05-01T10:06:39","modified_gmt":"2026-05-01T10:06:39","slug":"tulay-ozer-kimdir-neden-oldu-kac-yasindaydi-zerrin-ozerin-ablasi-tulay-ozer-hayatini-kaybetti","status":"publish","type":"post","link":"https:\/\/eskigazeteci.com\/?p=31349","title":{"rendered":"T\u00fclay \u00d6zer kimdir, neden \u00f6ld\u00fc, ka\u00e7 ya\u015f\u0131ndayd\u0131? Zerrin \u00d6zer&#8217;in ablas\u0131 T\u00fclay \u00d6zer hayat\u0131n\u0131 kaybetti!"},"content":{"rendered":"<p>M\u00fczik d\u00fcnyas\u0131ndan gelen ac\u0131 haberle sars\u0131lan sanatseverler, bir d\u00f6nemin ikonik sesi T\u00fclay \u00d6zer\u2019e veda ediyor. Zerrin \u00d6zer\u2019in sadece ablas\u0131 de\u011fil, ayn\u0131 zamanda m\u00fczik yolculu\u011fundaki en b\u00fcy\u00fck destek\u00e7ilerinden biri olan T\u00fclay \u00d6zer, g\u00fc\u00e7l\u00fc sesi ve kendine has yorumuyla 1970 ve 80\u2019li y\u0131llar\u0131n en \u00e7ok dinlenen isimleri aras\u0131nda yer al\u0131yordu. Uzun s\u00fcredir sa\u011fl\u0131k problemleriyle ilgilendi\u011fi bilinen ve bir s\u00fcredir hastanede tedavi g\u00f6ren sanat\u00e7\u0131n\u0131n vefat haberi, karde\u015fi Zerrin \u00d6zer ve yak\u0131n \u00e7evresi taraf\u0131ndan do\u011fruland\u0131.<\/p>\n<p>M\u00fczik d\u00fcnyas\u0131ndan gelen ac\u0131 haberle sars\u0131lan sanatseverler, bir d\u00f6nemin ikonik sesi T\u00fclay \u00d6zer\u2019e veda ediyor. Zerrin \u00d6zer\u2019in sadece ablas\u0131 de\u011fil, ayn\u0131 zamanda m\u00fczik yolculu\u011fundaki en b\u00fcy\u00fck destek\u00e7ilerinden biri olan T\u00fclay \u00d6zer, g\u00fc\u00e7l\u00fc sesi ve kendine has yorumuyla 1970 ve 80\u2019li y\u0131llar\u0131n en \u00e7ok dinlenen isimleri aras\u0131nda yer al\u0131yordu. Uzun s\u00fcredir sa\u011fl\u0131k problemleriyle ilgilendi\u011fi bilinen ve bir s\u00fcredir hastanede tedavi g\u00f6ren sanat\u00e7\u0131n\u0131n vefat haberi, karde\u015fi Zerrin \u00d6zer ve yak\u0131n \u00e7evresi taraf\u0131ndan do\u011fruland\u0131.<\/p>\n<p>T\u00fclay \u00d6zer 10 Aral\u0131k 1946\u2019da Erzincan Kemaliye\u2019de d\u00fcnyaya geldi. T\u00fclay, Nilg\u00fcn, Song\u00fcl ve Zerrin \u00d6zer ad\u0131nda d\u00f6rt k\u0131z karde\u015fin en b\u00fcy\u00fc\u011f\u00fc olarak Erzincan&#x27;\u0131n Kemaliye&#8230;<\/p>\n","protected":false},"excerpt":{"rendered":"<p>T\u00fcrk pop m\u00fczi\u011finin efsanevi isimlerinden Zerrin \u00d6zer\u2019in ablas\u0131 ve 70\u2019li y\u0131llar\u0131n unutulmaz sesi T\u00fclay \u00d6zer\u2019in vefat haberi, sanat d\u00fcnyas\u0131nda derin bir&#8230;<\/p>\n","protected":false},"author":2,"featured_media":31348,"comment_status":"open","ping_status":"open","sticky":false,"template":"","format":"standard","meta":{"footnotes":""},"categories":[6,5],"tags":[],"class_list":["post-31349","post","type-post","status-publish","format-standard","has-post-thumbnail","hentry","category-gundem","category-son-dakika"],"_links":{"self":[{"href":"https:\/\/eskigazeteci.com\/index.php?rest_route=\/wp\/v2\/posts\/31349","targetHints":{"allow":["GET"]}}],"collection":[{"href":"https:\/\/eskigazeteci.com\/index.php?rest_route=\/wp\/v2\/posts"}],"about":[{"href":"https:\/\/eskigazeteci.com\/index.php?rest_route=\/wp\/v2\/types\/post"}],"author":[{"embeddable":true,"href":"https:\/\/eskigazeteci.com\/index.php?rest_route=\/wp\/v2\/users\/2"}],"replies":[{"embeddable":true,"href":"https:\/\/eskigazeteci.com\/index.php?rest_route=%2Fwp%2Fv2%2Fcomments&post=31349"}],"version-history":[{"count":0,"href":"https:\/\/eskigazeteci.com\/index.php?rest_route=\/wp\/v2\/posts\/31349\/revisions"}],"wp:featuredmedia":[{"embeddable":true,"href":"https:\/\/eskigazeteci.com\/index.php?rest_route=\/wp\/v2\/media\/31348"}],"wp:attachment":[{"href":"https:\/\/eskigazeteci.com\/index.php?rest_route=%2Fwp%2Fv2%2Fmedia&parent=31349"}],"wp:term":[{"taxonomy":"category","embeddable":true,"href":"https:\/\/eskigazeteci.com\/index.php?rest_route=%2Fwp%2Fv2%2Fcategories&post=31349"},{"taxonomy":"post_tag","embeddable":true,"href":"https:\/\/eskigazeteci.com\/index.php?rest_route=%2Fwp%2Fv2%2Ftags&post=31349"}],"curies":[{"name":"wp","href":"https:\/\/api.w.org\/{rel}","templated":true}]}}