{"id":31347,"date":"2026-05-01T09:56:36","date_gmt":"2026-05-01T09:56:36","guid":{"rendered":"https:\/\/eskigazeteci.com\/?p=31347"},"modified":"2026-05-01T09:56:36","modified_gmt":"2026-05-01T09:56:36","slug":"basindan-vurdu-ambulansi-arayin-diye-seslendi","status":"publish","type":"post","link":"https:\/\/eskigazeteci.com\/?p=31347","title":{"rendered":"Ba\u015f\u0131ndan vurdu, &#8216;Ambulans\u0131 aray\u0131n&#8217; diye seslendi"},"content":{"rendered":"<p>Ge\u00e7en y\u0131l 27 Kas\u0131m&#x27;da meydana gelen olayda Fuat Y\u0131ld\u0131r\u0131m, sahibi oldu\u011fu matbaa d\u00fckkan\u0131nda, \u00f6zel bir kurumda psikolog olarak \u00e7al\u0131\u015fan Nurselen G\u00fcla\u00e7t\u0131&#x27;y\u0131 tabanca ile ba\u015f\u0131ndan vurdu. G\u00fcla\u00e7t\u0131, olay yerinde hayat\u0131n\u0131 kaybetti. Olay\u0131n ard\u0131ndan polis ekiplerince g\u00f6zalt\u0131na al\u0131nan Fuat Y\u0131ld\u0131r\u0131m, \u00e7\u0131kar\u0131ld\u0131\u011f\u0131 mahkemece tutukland\u0131.<\/p>\n<p>&#x27;AMBULANSI ARAMAYIN&#x27; DEM\u0130\u015e<\/p>\n<p>Olaya ili\u015fkin Ankara Cumhuriyet Ba\u015fsavc\u0131l\u0131\u011f\u0131 soru\u015fturmay\u0131 tamamlayarak iddianameyi haz\u0131rlad\u0131. \u0130ddianameye g\u00f6re Fuat Y\u0131ld\u0131r\u0131m, daha \u00f6nce tan\u0131\u015f\u0131kl\u0131\u011f\u0131 bulunan Nurselen G\u00fcla\u00e7t\u0131 ile sabah saatlerinde bulu\u015farak kendisine ait i\u015f yerine g\u00f6t\u00fcrd\u00fc. Y\u0131ld\u0131r\u0131m, i\u00e7eri girdikten sonra kap\u0131y\u0131 kilitledi. Kamera kay\u0131tlar\u0131 ve tan\u0131k beyanlar\u0131na g\u00f6re, k\u0131sa s\u00fcre sonra i\u015f yerinden silah sesleri duyuldu. San\u0131\u011f\u0131n, i\u015f yerinde sandalyede oturan G\u00fcla\u00e7t\u0131\u2019ya ate\u015f etti\u011fi, ard\u0131ndan d\u0131\u015far\u0131 \u00e7\u0131karak \u00e7evredekilere &#x27;ambulans\u0131 aramay\u0131n&#x27; dedi\u011fi belirtildi. Olay yerinde yakalanan \u015f\u00fcphelinin, silah\u0131 pasaj i\u00e7indeki ba\u015fka bir i\u015f yerine b\u0131rakt\u0131\u011f\u0131 da belirtildi.<\/p>\n<p>NURSELEN&#x27;\u0130N \u0130\u015e YER\u0130NE G\u0130TM\u0130\u015e<\/p>\n<p>\u0130ddianamede, olay yerinde yap\u0131lan incelemede i\u015f yerinde 2 bo\u015f kovan ve bir mermi \u00e7ekirde\u011fi bulundu\u011fu, \u00f6l\u00fc muayene tutana\u011f\u0131nda ise G\u00fcla\u00e7t\u0131\u2019n\u0131n ba\u015f b\u00f6lgesine isabet eden mermi \u00e7ekirde\u011fi yaralar\u0131&#8230;<\/p>\n","protected":false},"excerpt":{"rendered":"<p>Ankara\u2019da psikolog Nurselen G\u00fcla\u00e7t\u0131&#8217;y\u0131 (33), kendi i\u015f yerinde tabancayla vurarak \u00f6ld\u00fcren Fuat Y\u0131ld\u0131r\u0131m (51) hakk\u0131nda, \u2018Kad\u0131na kar\u015f\u0131 tasarlayarak kasten&#8230;<\/p>\n","protected":false},"author":2,"featured_media":31346,"comment_status":"open","ping_status":"open","sticky":false,"template":"","format":"standard","meta":{"footnotes":""},"categories":[6,5],"tags":[],"class_list":["post-31347","post","type-post","status-publish","format-standard","has-post-thumbnail","hentry","category-gundem","category-son-dakika"],"_links":{"self":[{"href":"https:\/\/eskigazeteci.com\/index.php?rest_route=\/wp\/v2\/posts\/31347","targetHints":{"allow":["GET"]}}],"collection":[{"href":"https:\/\/eskigazeteci.com\/index.php?rest_route=\/wp\/v2\/posts"}],"about":[{"href":"https:\/\/eskigazeteci.com\/index.php?rest_route=\/wp\/v2\/types\/post"}],"author":[{"embeddable":true,"href":"https:\/\/eskigazeteci.com\/index.php?rest_route=\/wp\/v2\/users\/2"}],"replies":[{"embeddable":true,"href":"https:\/\/eskigazeteci.com\/index.php?rest_route=%2Fwp%2Fv2%2Fcomments&post=31347"}],"version-history":[{"count":0,"href":"https:\/\/eskigazeteci.com\/index.php?rest_route=\/wp\/v2\/posts\/31347\/revisions"}],"wp:featuredmedia":[{"embeddable":true,"href":"https:\/\/eskigazeteci.com\/index.php?rest_route=\/wp\/v2\/media\/31346"}],"wp:attachment":[{"href":"https:\/\/eskigazeteci.com\/index.php?rest_route=%2Fwp%2Fv2%2Fmedia&parent=31347"}],"wp:term":[{"taxonomy":"category","embeddable":true,"href":"https:\/\/eskigazeteci.com\/index.php?rest_route=%2Fwp%2Fv2%2Fcategories&post=31347"},{"taxonomy":"post_tag","embeddable":true,"href":"https:\/\/eskigazeteci.com\/index.php?rest_route=%2Fwp%2Fv2%2Ftags&post=31347"}],"curies":[{"name":"wp","href":"https:\/\/api.w.org\/{rel}","templated":true}]}}