{"id":31345,"date":"2026-05-01T09:49:41","date_gmt":"2026-05-01T09:49:41","guid":{"rendered":"https:\/\/eskigazeteci.com\/?p=31345"},"modified":"2026-05-01T09:49:41","modified_gmt":"2026-05-01T09:49:41","slug":"muhurlu-sir-ifsa-oldu-epstein-davasindaki-7-yillik-ipucu","status":"publish","type":"post","link":"https:\/\/eskigazeteci.com\/?p=31345","title":{"rendered":"M\u00fch\u00fcrl\u00fc s\u0131r if\u015fa oldu: Epstein davas\u0131ndaki 7 y\u0131ll\u0131k ipucu"},"content":{"rendered":"<p>ABD\u2019de re\u015fit olmayan k\u0131z \u00e7ocuklar\u0131na y\u00f6nelik fuhu\u015f a\u011f\u0131 kurdu\u011fu iddias\u0131yla yarg\u0131lan\u0131rken cezaevinde \u00f6l\u00fc bulunan milyarder Jeffrey Epstein\u2019in, \u00f6l\u00fcm\u00fcnden haftalar \u00f6nce yazd\u0131\u011f\u0131 ve \u201cintihar notu\u201d olarak de\u011ferlendirilen bir metnin y\u0131llard\u0131r gizli tutuldu\u011fu iddia edildi. Jeffrey Epstein<\/p>\n<p>The New York Times taraf\u0131ndan ortaya at\u0131lan iddiaya g\u00f6re, s\u00f6z konusu not New York\u2019taki bir mahkeme dosyas\u0131nda m\u00fch\u00fcrl\u00fc \u015fekilde saklan\u0131yor.<\/p>\n<p>\u201cVEDA ZAMANI\u201d NOTU MAHKEMEDE K\u0130L\u0130TL\u0130<\/p>\n<p>Epstein\u2019in h\u00fccre arkada\u015f\u0131 Nicholas Tartaglione, milyarderin ilk intihar giri\u015fiminden sonra h\u00fccrede bir not buldu\u011funu \u00f6ne s\u00fcrd\u00fc.<\/p>\n<p>Tartaglione\u2019ye g\u00f6re notta \u015fu ifadeler yer al\u0131yordu:<\/p>\n<p>\u201cNe yapmam\u0131 istiyorsunuz, a\u011flay\u0131p s\u0131zlayay\u0131m m\u0131? Veda zaman\u0131.\u201d<\/p>\n<p>S\u00f6z konusu belge, Tartaglione\u2019nin kendi davas\u0131n\u0131n bir par\u00e7as\u0131 olarak bir federal yarg\u0131\u00e7 taraf\u0131ndan m\u00fch\u00fcrlendi ve o tarihten bu yana kamuoyuna a\u00e7\u0131klanmad\u0131.<\/p>\n<p>SORU\u015eTURMALARDA KR\u0130T\u0130K DEL\u0130L M\u0130?<\/p>\n<p>Habere g\u00f6re, notun gizli tutulmas\u0131, Epstein\u2019in \u00f6l\u00fcm\u00fcyle ilgili y\u00fcr\u00fct\u00fclen soru\u015fturmalar\u0131n \u00f6nemli bir delilden yoksun kalmas\u0131na neden olmu\u015f olabilir.<\/p>\n<p>ABD Adalet Bakanl\u0131\u011f\u0131\u2019n\u0131n yay\u0131mlad\u0131\u011f\u0131 milyonlarca sayfal\u0131k Epstein dosyas\u0131nda bu nota rastlanmad\u0131\u011f\u0131, hatta bakanl\u0131k yetkililerinin de belgeyi g\u00f6rmedi\u011fi&#8230;<\/p>\n","protected":false},"excerpt":{"rendered":"<p>Pedofili milyarder Jeffrey Epstein\u2019in \u00f6l\u00fcm\u00fcnden haftalar \u00f6nce yazd\u0131\u011f\u0131 ve \u201cveda\u201d ifadeleri i\u00e7eren notun, y\u0131llard\u0131r mahkeme dosyas\u0131nda gizli tutuldu\u011fu iddia&#8230;<\/p>\n","protected":false},"author":2,"featured_media":31344,"comment_status":"open","ping_status":"open","sticky":false,"template":"","format":"standard","meta":{"footnotes":""},"categories":[6,5],"tags":[],"class_list":["post-31345","post","type-post","status-publish","format-standard","has-post-thumbnail","hentry","category-gundem","category-son-dakika"],"_links":{"self":[{"href":"https:\/\/eskigazeteci.com\/index.php?rest_route=\/wp\/v2\/posts\/31345","targetHints":{"allow":["GET"]}}],"collection":[{"href":"https:\/\/eskigazeteci.com\/index.php?rest_route=\/wp\/v2\/posts"}],"about":[{"href":"https:\/\/eskigazeteci.com\/index.php?rest_route=\/wp\/v2\/types\/post"}],"author":[{"embeddable":true,"href":"https:\/\/eskigazeteci.com\/index.php?rest_route=\/wp\/v2\/users\/2"}],"replies":[{"embeddable":true,"href":"https:\/\/eskigazeteci.com\/index.php?rest_route=%2Fwp%2Fv2%2Fcomments&post=31345"}],"version-history":[{"count":0,"href":"https:\/\/eskigazeteci.com\/index.php?rest_route=\/wp\/v2\/posts\/31345\/revisions"}],"wp:featuredmedia":[{"embeddable":true,"href":"https:\/\/eskigazeteci.com\/index.php?rest_route=\/wp\/v2\/media\/31344"}],"wp:attachment":[{"href":"https:\/\/eskigazeteci.com\/index.php?rest_route=%2Fwp%2Fv2%2Fmedia&parent=31345"}],"wp:term":[{"taxonomy":"category","embeddable":true,"href":"https:\/\/eskigazeteci.com\/index.php?rest_route=%2Fwp%2Fv2%2Fcategories&post=31345"},{"taxonomy":"post_tag","embeddable":true,"href":"https:\/\/eskigazeteci.com\/index.php?rest_route=%2Fwp%2Fv2%2Ftags&post=31345"}],"curies":[{"name":"wp","href":"https:\/\/api.w.org\/{rel}","templated":true}]}}