{"id":31343,"date":"2026-05-01T09:48:09","date_gmt":"2026-05-01T09:48:09","guid":{"rendered":"https:\/\/eskigazeteci.com\/?p=31343"},"modified":"2026-05-01T09:48:09","modified_gmt":"2026-05-01T09:48:09","slug":"bayram-ikramiyeleri-ne-zaman-yatacak-2026-emekli-bayram-ikramiyesi-odeme-tarihi-bilgileri","status":"publish","type":"post","link":"https:\/\/eskigazeteci.com\/?p=31343","title":{"rendered":"BAYRAM \u0130KRAM\u0130YELER\u0130 NE ZAMAN YATACAK? 2026 emekli bayram ikramiyesi \u00f6deme tarihi bilgileri"},"content":{"rendered":"<p>Emekli bayram ikramiyesi zamm\u0131 ve \u00f6deme takvimi May\u0131s 2026, Kurban Bayram\u0131 yakla\u015f\u0131rken g\u00fcndeme geldi. SSK, Ba\u011fkur, Emekli Sand\u0131\u011f\u0131 Kurban Bayram\u0131 emekli ikramiyesi ne zaman yatacak? sorusunun yan\u0131t\u0131 i\u00e7in g\u00f6zler SGK&#x27;ya \u00e7evrildi. Yakla\u015f\u0131k 16.5 milyon emekli ve hak sahibini ilgilendiren bayram ikramiyeleri 4 bin lira olarak belirlendi. 2026 y\u0131l\u0131 takvimine g\u00f6re bu sene Kurban Bayram\u0131 27 May\u0131s 2026\u2019da ba\u015flayacak. Emekli \u00f6deme takvimi ve ikramiye tutar\u0131 da bu kapsamda merak konusu oldu. Sosyal G\u00fcvenlik Kurumu\u2019ndan (SGK) emekli ayl\u0131\u011f\u0131, ya\u015fl\u0131l\u0131k ayl\u0131\u011f\u0131, vazife malull\u00fc\u011f\u00fc ayl\u0131\u011f\u0131, malull\u00fck ayl\u0131\u011f\u0131, \u00f6l\u00fcm ayl\u0131\u011f\u0131 ile s\u00fcrekli i\u015f g\u00f6remezlik geliri ve \u00f6l\u00fcm geliri alanlar ile \u015fehit yak\u0131nlar\u0131, gaziler, muharip gaziler, g\u00fcvenlik korucular\u0131, \u015fampiyon sporcular ve ter\u00f6rden zarar g\u00f6ren sivil vatanda\u015flar ile bu ki\u015filerin hak sahipleri bayram ikramiyesi alacak. Peki, emekli bayram ikramiyesi ne zaman yatacak, \u00f6deme takvimi belli oldu mu? Kurban Bayram\u0131 emekli ikramiyesi ay\u0131n ka\u00e7\u0131nda verilecek, May\u0131s&#x27;\u0131n ka\u00e7\u0131nda yatacak? \u0130\u015fte, 2026 emekli bayram ikramiyesi \u00f6deme tarihi bilgisi ve detaylar&#8230;<\/p>\n<p>2026 y\u0131l\u0131nda Kurban Bayram\u0131 arefesi 26 May\u0131s&#x27;a denk gelecek. Kurban Bayram\u0131 27-30 May\u0131s 2026 tarihlerinde idrak&#8230;<\/p>\n","protected":false},"excerpt":{"rendered":"<p>2026 Kurban Bayram\u0131 ikramiyesi \u00f6deme takvimi, May\u0131s ay\u0131 \u00f6ncesi milyonlarca SSK, Ba\u011fkur ve Emekli Sand\u0131\u011f\u0131 emeklisinin yo\u011funla\u015ft\u0131\u011f\u0131 konulardan oldu. Her y\u0131l&#8230;<\/p>\n","protected":false},"author":2,"featured_media":31342,"comment_status":"open","ping_status":"open","sticky":false,"template":"","format":"standard","meta":{"footnotes":""},"categories":[6,5],"tags":[],"class_list":["post-31343","post","type-post","status-publish","format-standard","has-post-thumbnail","hentry","category-gundem","category-son-dakika"],"_links":{"self":[{"href":"https:\/\/eskigazeteci.com\/index.php?rest_route=\/wp\/v2\/posts\/31343","targetHints":{"allow":["GET"]}}],"collection":[{"href":"https:\/\/eskigazeteci.com\/index.php?rest_route=\/wp\/v2\/posts"}],"about":[{"href":"https:\/\/eskigazeteci.com\/index.php?rest_route=\/wp\/v2\/types\/post"}],"author":[{"embeddable":true,"href":"https:\/\/eskigazeteci.com\/index.php?rest_route=\/wp\/v2\/users\/2"}],"replies":[{"embeddable":true,"href":"https:\/\/eskigazeteci.com\/index.php?rest_route=%2Fwp%2Fv2%2Fcomments&post=31343"}],"version-history":[{"count":0,"href":"https:\/\/eskigazeteci.com\/index.php?rest_route=\/wp\/v2\/posts\/31343\/revisions"}],"wp:featuredmedia":[{"embeddable":true,"href":"https:\/\/eskigazeteci.com\/index.php?rest_route=\/wp\/v2\/media\/31342"}],"wp:attachment":[{"href":"https:\/\/eskigazeteci.com\/index.php?rest_route=%2Fwp%2Fv2%2Fmedia&parent=31343"}],"wp:term":[{"taxonomy":"category","embeddable":true,"href":"https:\/\/eskigazeteci.com\/index.php?rest_route=%2Fwp%2Fv2%2Fcategories&post=31343"},{"taxonomy":"post_tag","embeddable":true,"href":"https:\/\/eskigazeteci.com\/index.php?rest_route=%2Fwp%2Fv2%2Ftags&post=31343"}],"curies":[{"name":"wp","href":"https:\/\/api.w.org\/{rel}","templated":true}]}}