{"id":31341,"date":"2026-05-01T09:46:36","date_gmt":"2026-05-01T09:46:36","guid":{"rendered":"https:\/\/eskigazeteci.com\/?p=31341"},"modified":"2026-05-01T09:46:36","modified_gmt":"2026-05-01T09:46:36","slug":"anneler-gunu-ne-zaman-bu-hafta-sonu-mu-kutlanacak-anneler-gunu-kutlama-tarihi-mayis-2026","status":"publish","type":"post","link":"https:\/\/eskigazeteci.com\/?p=31341","title":{"rendered":"Anneler G\u00fcn\u00fc ne zaman, bu hafta sonu mu kutlanacak? Anneler G\u00fcn\u00fc kutlama tarihi May\u0131s 2026!"},"content":{"rendered":"<p>May\u0131s ay\u0131, bahar\u0131n geli\u015fiyle birlikte kalpleri \u0131s\u0131tan en \u00f6zel kutlamalardan birine, Anneler G\u00fcn\u00fc\u2019ne ev sahipli\u011fi yapmaya haz\u0131rlan\u0131yor. Her y\u0131l belirli bir rutine ba\u011fl\u0131 olarak May\u0131s ay\u0131n\u0131n ikinci pazar g\u00fcn\u00fc kutlanan bu anlaml\u0131 g\u00fcn, 2026 y\u0131l\u0131nda da ailelerin bir araya gelece\u011fi, minnet duygular\u0131n\u0131n ifade edilece\u011fi ve en i\u00e7ten dileklerin payla\u015f\u0131laca\u011f\u0131 bir atmosfer olu\u015fturacak. \u00d6zellikle hediyelik e\u015fya sekt\u00f6r\u00fcnde ve \u00e7i\u00e7ek\u00e7ilerde hareketlili\u011fin ba\u015flamas\u0131, dijital mecralarda ise duygusal mesajlar\u0131n \u015fimdiden ara\u015ft\u0131r\u0131lmas\u0131, bu \u00f6zel g\u00fcne verilen \u00f6nemi bir kez daha kan\u0131tl\u0131yor. Peki, Anneler G\u00fcn\u00fc ne zaman, bu hafta sonu mu kutlanacak?<\/p>\n<p>May\u0131s ay\u0131, bahar\u0131n geli\u015fiyle birlikte kalpleri \u0131s\u0131tan en \u00f6zel kutlamalardan birine, Anneler G\u00fcn\u00fc\u2019ne ev sahipli\u011fi yapmaya haz\u0131rlan\u0131yor. Her y\u0131l belirli bir rutine ba\u011fl\u0131 olarak May\u0131s ay\u0131n\u0131n ikinci pazar g\u00fcn\u00fc kutlanan bu anlaml\u0131 g\u00fcn, 2026 y\u0131l\u0131nda da ailelerin bir araya gelece\u011fi, minnet duygular\u0131n\u0131n ifade edilece\u011fi ve en i\u00e7ten dileklerin payla\u015f\u0131laca\u011f\u0131 bir atmosfer olu\u015fturacak. \u00d6zellikle hediyelik e\u015fya sekt\u00f6r\u00fcnde ve \u00e7i\u00e7ek\u00e7ilerde hareketlili\u011fin ba\u015flamas\u0131, dijital mecralarda ise duygusal mesajlar\u0131n \u015fimdiden ara\u015ft\u0131r\u0131lmas\u0131, bu \u00f6zel g\u00fcne verilen \u00f6nemi bir kez daha&#8230;<\/p>\n","protected":false},"excerpt":{"rendered":"<p>D\u00fcnya genelinde sevgi ve fedakarl\u0131\u011f\u0131n e\u015fsiz sembol\u00fc olan annelerimizi onurland\u0131rmak i\u00e7in her y\u0131l b\u00fcy\u00fck bir heyecanla beklenen Anneler G\u00fcn\u00fc i\u00e7in geri say\u0131m&#8230;<\/p>\n","protected":false},"author":2,"featured_media":31340,"comment_status":"open","ping_status":"open","sticky":false,"template":"","format":"standard","meta":{"footnotes":""},"categories":[6,5],"tags":[],"class_list":["post-31341","post","type-post","status-publish","format-standard","has-post-thumbnail","hentry","category-gundem","category-son-dakika"],"_links":{"self":[{"href":"https:\/\/eskigazeteci.com\/index.php?rest_route=\/wp\/v2\/posts\/31341","targetHints":{"allow":["GET"]}}],"collection":[{"href":"https:\/\/eskigazeteci.com\/index.php?rest_route=\/wp\/v2\/posts"}],"about":[{"href":"https:\/\/eskigazeteci.com\/index.php?rest_route=\/wp\/v2\/types\/post"}],"author":[{"embeddable":true,"href":"https:\/\/eskigazeteci.com\/index.php?rest_route=\/wp\/v2\/users\/2"}],"replies":[{"embeddable":true,"href":"https:\/\/eskigazeteci.com\/index.php?rest_route=%2Fwp%2Fv2%2Fcomments&post=31341"}],"version-history":[{"count":0,"href":"https:\/\/eskigazeteci.com\/index.php?rest_route=\/wp\/v2\/posts\/31341\/revisions"}],"wp:featuredmedia":[{"embeddable":true,"href":"https:\/\/eskigazeteci.com\/index.php?rest_route=\/wp\/v2\/media\/31340"}],"wp:attachment":[{"href":"https:\/\/eskigazeteci.com\/index.php?rest_route=%2Fwp%2Fv2%2Fmedia&parent=31341"}],"wp:term":[{"taxonomy":"category","embeddable":true,"href":"https:\/\/eskigazeteci.com\/index.php?rest_route=%2Fwp%2Fv2%2Fcategories&post=31341"},{"taxonomy":"post_tag","embeddable":true,"href":"https:\/\/eskigazeteci.com\/index.php?rest_route=%2Fwp%2Fv2%2Ftags&post=31341"}],"curies":[{"name":"wp","href":"https:\/\/api.w.org\/{rel}","templated":true}]}}