{"id":31331,"date":"2026-05-01T09:26:34","date_gmt":"2026-05-01T09:26:34","guid":{"rendered":"https:\/\/eskigazeteci.com\/?p=31331"},"modified":"2026-05-01T09:26:34","modified_gmt":"2026-05-01T09:26:34","slug":"cok-nadir-goruluyor-cehennem-deresi-kanyonunda-fotograflandi","status":"publish","type":"post","link":"https:\/\/eskigazeteci.com\/?p=31331","title":{"rendered":"\u00c7ok nadir g\u00f6r\u00fcl\u00fcyor: Cehennem Deresi Kanyonu&#8217;nda foto\u011frafland\u0131"},"content":{"rendered":"<p>Artvin\u2019in Ardanu\u00e7 il\u00e7esinde bulunan Cehennem Deresi Kanyonu&#x27;nda nadir rastlan\u0131lan karaleylek g\u00f6r\u00fcld\u00fc.<\/p>\n<p>Artvin\u2019in Ardanu\u00e7 il\u00e7esinde bulunan Cehennem Deresi Kanyonu&#x27;nda nadir rastlan\u0131lan karaleylek g\u00f6r\u00fcld\u00fc.<\/p>\n<p>Do\u011fa Koruma ve Milli Parklar (DKMP) Artvin \u015eube M\u00fcd\u00fcrl\u00fc\u011f\u00fc ekipleri taraf\u0131ndan, kanyon i\u00e7erisindeki sarp kayal\u0131klar aras\u0131nda yer alan bir ma\u011farada dinlenen karaleylek dronla g\u00f6r\u00fcnt\u00fclendi.<\/p>\n<p>Do\u011fa Koruma ve Milli Parklar (DKMP) Artvin \u015eube M\u00fcd\u00fcrl\u00fc\u011f\u00fc ekipleri taraf\u0131ndan, kanyon i\u00e7erisindeki sarp kayal\u0131klar aras\u0131nda yer alan bir ma\u011farada dinlenen karaleylek dronla g\u00f6r\u00fcnt\u00fclendi.<\/p>\n<p>T\u00fcrkiye&#x27;yi \u00fcreme, Karadeniz&#x27;in i\u00e7 kesimlerini ise g\u00f6\u00e7 yolu olarak kullanan g\u00f6\u00e7men t\u00fcr\u00fcn, Artvin&#x27;in zorlu habitat\u0131nda kendine g\u00fcvenli bir s\u0131\u011f\u0131nak buldu\u011fu, olduk\u00e7a hassas ve \u00fcrkek olan karaleyle\u011fin bir ma\u011farada dinlenirken bu kadar net g\u00f6r\u00fcnt\u00fclenmesinin son derece nadir ve de\u011ferli oldu\u011fu belirtildi.<\/p>\n<p>T\u00fcrkiye&#x27;yi \u00fcreme, Karadeniz&#x27;in i\u00e7 kesimlerini ise g\u00f6\u00e7 yolu olarak kullanan g\u00f6\u00e7men t\u00fcr\u00fcn, Artvin&#x27;in zorlu habitat\u0131nda kendine g\u00fcvenli bir s\u0131\u011f\u0131nak buldu\u011fu, olduk\u00e7a hassas ve \u00fcrkek olan karaleyle\u011fin bir ma\u011farada dinlenirken bu kadar net g\u00f6r\u00fcnt\u00fclenmesinin son derece nadir ve de\u011ferli oldu\u011fu belirtildi.<\/p>\n<p>Zengin yaban&#8230;<\/p>\n","protected":false},"excerpt":{"rendered":"<p>Artvin\u2019in Ardanu\u00e7 il\u00e7esindeki Cehennem Deresi Kanyonu&#8217;nda do\u011fada nadir rastlanan karaleylek dronla g\u00f6r\u00fcnt\u00fclendi.<\/p>\n","protected":false},"author":2,"featured_media":31330,"comment_status":"open","ping_status":"open","sticky":false,"template":"","format":"standard","meta":{"footnotes":""},"categories":[6,5],"tags":[],"class_list":["post-31331","post","type-post","status-publish","format-standard","has-post-thumbnail","hentry","category-gundem","category-son-dakika"],"_links":{"self":[{"href":"https:\/\/eskigazeteci.com\/index.php?rest_route=\/wp\/v2\/posts\/31331","targetHints":{"allow":["GET"]}}],"collection":[{"href":"https:\/\/eskigazeteci.com\/index.php?rest_route=\/wp\/v2\/posts"}],"about":[{"href":"https:\/\/eskigazeteci.com\/index.php?rest_route=\/wp\/v2\/types\/post"}],"author":[{"embeddable":true,"href":"https:\/\/eskigazeteci.com\/index.php?rest_route=\/wp\/v2\/users\/2"}],"replies":[{"embeddable":true,"href":"https:\/\/eskigazeteci.com\/index.php?rest_route=%2Fwp%2Fv2%2Fcomments&post=31331"}],"version-history":[{"count":0,"href":"https:\/\/eskigazeteci.com\/index.php?rest_route=\/wp\/v2\/posts\/31331\/revisions"}],"wp:featuredmedia":[{"embeddable":true,"href":"https:\/\/eskigazeteci.com\/index.php?rest_route=\/wp\/v2\/media\/31330"}],"wp:attachment":[{"href":"https:\/\/eskigazeteci.com\/index.php?rest_route=%2Fwp%2Fv2%2Fmedia&parent=31331"}],"wp:term":[{"taxonomy":"category","embeddable":true,"href":"https:\/\/eskigazeteci.com\/index.php?rest_route=%2Fwp%2Fv2%2Fcategories&post=31331"},{"taxonomy":"post_tag","embeddable":true,"href":"https:\/\/eskigazeteci.com\/index.php?rest_route=%2Fwp%2Fv2%2Ftags&post=31331"}],"curies":[{"name":"wp","href":"https:\/\/api.w.org\/{rel}","templated":true}]}}