{"id":31327,"date":"2026-05-01T09:23:37","date_gmt":"2026-05-01T09:23:37","guid":{"rendered":"https:\/\/eskigazeteci.com\/?p=31327"},"modified":"2026-05-01T09:23:37","modified_gmt":"2026-05-01T09:23:37","slug":"galatasaray-samsunda-sampiyonlugunu-ilan-etmek-icin-sahaya-cikacak","status":"publish","type":"post","link":"https:\/\/eskigazeteci.com\/?p=31327","title":{"rendered":"Galatasaray, Samsun&#8217;da \u015fampiyonlu\u011funu ilan etmek i\u00e7in sahaya \u00e7\u0131kacak"},"content":{"rendered":"<p>Lider Galatasaray , S\u00fcper Lig&#x27;in 32. haftas\u0131nda yar\u0131n deplasmanda Samsunspor ile kar\u015f\u0131la\u015facak.<\/p>\n<p>Samsun Yeni 19 May\u0131s Stad\u0131&#x27;nda yap\u0131lacak ma\u00e7, saat 20.00&#x27;de ba\u015flayacak. Kar\u015f\u0131la\u015fmay\u0131 hakem Re\u015fat Onur Co\u015fkunses y\u00f6netecek.<\/p>\n<p>S\u00fcper Lig&#x27;de geride kalan 31 m\u00fcsabakada 23 galibiyet, 5 beraberlik ve 3 yenilgi ya\u015fayan sar\u0131-k\u0131rm\u0131z\u0131l\u0131 tak\u0131m, haftaya 74 puanla lider girdi. Galatasaray, son 3 hafta \u00f6ncesinde en yak\u0131n takip\u00e7ileri Fenerbah\u00e7e &#x27;nin 7, Trabzonspor&#x27;un ise 9 puan \u00f6n\u00fcnde yer ald\u0131. &quot;Cimbom&quot; yar\u0131nki m\u00fcsabakada 3 puanla ayr\u0131lmas\u0131 durumunda rakiplerinin alaca\u011f\u0131 sonu\u00e7lara bakmaks\u0131z\u0131n \u00fcst \u00fcste 4, toplamda 26. \u015fampiyonlu\u011funu ilan edecek.<\/p>\n<p>Samsun temsilcisi ise 31 m\u00fcsabakada toplad\u0131\u011f\u0131 45 puanla 7. s\u0131rada yer buldu.<\/p>\n<p>\u0130ki tak\u0131m aras\u0131nda sezonun ilk yar\u0131s\u0131nda \u0130stanbul&#x27;da yap\u0131lan ma\u00e7\u0131 Galatasaray 3-2 kazanm\u0131\u015ft\u0131.<\/p>\n<p>U\u011eURCAN \u00c7AKIR CEZALI<\/p>\n<p>Galatasaray&#x27;\u0131n milli file bek\u00e7isi U\u011furcan \u00c7ak\u0131r, yar\u0131nki m\u00fcsabakada cezas\u0131 nedeniyle forma giyemeyecek.<\/p>\n<p>U\u011furcan, ligin 31. haftas\u0131nda sahalar\u0131nda Fenerbah\u00e7e&#x27;yi 3-0 yendikleri derbide sar\u0131 kart g\u00f6rerek cezal\u0131 duruma d\u00fc\u015ft\u00fc. Yar\u0131nki m\u00fcsabakada U\u011furcan&#x27;\u0131n yerine kalede tecr\u00fcbeli kaleci G\u00fcnay G\u00fcven\u00e7 g\u00f6rev yapacak.<\/p>\n<p>Sar\u0131-k\u0131rm\u0131z\u0131l\u0131 ekipte ayr\u0131ca ayak bile\u011finde kemik \u00f6demi&#8230;<\/p>\n","protected":false},"excerpt":{"rendered":"<p>S\u00fcper Lig&#8217;in 32. haftas\u0131nda yar\u0131n deplasmanda Samsunspor ile kar\u015f\u0131la\u015facak olan lider Galatasaray, ma\u00e7\u0131 kazanmas\u0131 durumunda \u00fcst \u00fcste 4, toplamda 26. kez&#8230;<\/p>\n","protected":false},"author":2,"featured_media":31326,"comment_status":"open","ping_status":"open","sticky":false,"template":"","format":"standard","meta":{"footnotes":""},"categories":[5,7],"tags":[],"class_list":["post-31327","post","type-post","status-publish","format-standard","has-post-thumbnail","hentry","category-son-dakika","category-spor"],"_links":{"self":[{"href":"https:\/\/eskigazeteci.com\/index.php?rest_route=\/wp\/v2\/posts\/31327","targetHints":{"allow":["GET"]}}],"collection":[{"href":"https:\/\/eskigazeteci.com\/index.php?rest_route=\/wp\/v2\/posts"}],"about":[{"href":"https:\/\/eskigazeteci.com\/index.php?rest_route=\/wp\/v2\/types\/post"}],"author":[{"embeddable":true,"href":"https:\/\/eskigazeteci.com\/index.php?rest_route=\/wp\/v2\/users\/2"}],"replies":[{"embeddable":true,"href":"https:\/\/eskigazeteci.com\/index.php?rest_route=%2Fwp%2Fv2%2Fcomments&post=31327"}],"version-history":[{"count":0,"href":"https:\/\/eskigazeteci.com\/index.php?rest_route=\/wp\/v2\/posts\/31327\/revisions"}],"wp:featuredmedia":[{"embeddable":true,"href":"https:\/\/eskigazeteci.com\/index.php?rest_route=\/wp\/v2\/media\/31326"}],"wp:attachment":[{"href":"https:\/\/eskigazeteci.com\/index.php?rest_route=%2Fwp%2Fv2%2Fmedia&parent=31327"}],"wp:term":[{"taxonomy":"category","embeddable":true,"href":"https:\/\/eskigazeteci.com\/index.php?rest_route=%2Fwp%2Fv2%2Fcategories&post=31327"},{"taxonomy":"post_tag","embeddable":true,"href":"https:\/\/eskigazeteci.com\/index.php?rest_route=%2Fwp%2Fv2%2Ftags&post=31327"}],"curies":[{"name":"wp","href":"https:\/\/api.w.org\/{rel}","templated":true}]}}