{"id":31325,"date":"2026-05-01T09:22:06","date_gmt":"2026-05-01T09:22:06","guid":{"rendered":"https:\/\/eskigazeteci.com\/?p=31325"},"modified":"2026-05-01T09:22:06","modified_gmt":"2026-05-01T09:22:06","slug":"avrupa-basini-fenerbahcenin-zalgiris-galibiyetini-konusuyor-ustunlugunu-ortaya-koydu","status":"publish","type":"post","link":"https:\/\/eskigazeteci.com\/?p=31325","title":{"rendered":"Avrupa bas\u0131n\u0131 Fenerbah\u00e7e&#8217;nin Zalgiris galibiyetini konu\u015fuyor: &#8216;\u00dcst\u00fcnl\u00fc\u011f\u00fcn\u00fc ortaya koydu!&#8217;"},"content":{"rendered":"<p>Fenerbah\u00e7e Beko, EuroLeague play-off serisi ikinci ma\u00e7\u0131nda Zalgiris Kaunas\u2019\u0131 konuk etti. \u00dclker Spor ve Etkinlik Salonu\u2019nda oynanan kar\u015f\u0131la\u015fmay\u0131 86-74 kazanan sar\u0131-lacivertliler, play-off serisinde durumu 2-0\u2019a getirdi ve Final Four yolunda \u00f6nemli bir avantaj elde etti.<\/p>\n<p>Melli 17 say\u0131yla ma\u00e7\u0131n skoreri oldu. De Colo 16, Biberovic 15, Jantunen 13, Baldwin de 11 say\u0131yla galibiyete \u00f6nemli katk\u0131 verdi.<\/p>\n<p>Serinin \u00fc\u00e7\u00fcnc\u00fc ma\u00e7\u0131 6 May\u0131s \u00c7ar\u015famba g\u00fcn\u00fc Litvanya ekibinin ev sahipli\u011finde oynanacak. Fenerbah\u00e7e Beko bu ma\u00e7\u0131 da kazanmas\u0131 halinde 22-24 May\u0131s tarihlerinde Yunanistan&#x27;\u0131n ba\u015fkenti Atina\u2019da d\u00fczenlenecek Final-Four\u2019a ad\u0131n\u0131 yazd\u0131racak.<\/p>\n<p>Kar\u015f\u0131la\u015fmay\u0131 Fenerbah\u00e7e Ba\u015fkan\u0131 Sadettin Saran&#x27;da izledi.<\/p>\n<p>Fenerbah\u00e7e Beko Basketbol \u015eube Sorumlusu Cem Ciritci&#x27;nin galibiyet sonras\u0131 sosyal medya hesab\u0131ndan yapt\u0131\u011f\u0131 payla\u015f\u0131m:<\/p>\n<p>&quot;Y\u00fczd\u00fck y\u00fczd\u00fck neredeyse kuyru\u011funa geldik\u2026 Sal\u0131 g\u00fcn\u00fc ve bug\u00fcn \u00dclker Spor ve Etkinlik Salonu&#x27;nda bizimle beraber olan, itici g\u00fcc\u00fcm\u00fcz olan ve galibiyetteki en b\u00fcy\u00fck pay sahiplerinden olan b\u00fcy\u00fck ve \u015fanl\u0131 Fenerbah\u00e7e taraftar\u0131na te\u015fekk\u00fcrler\u2026 Tak\u0131m\u0131m\u0131za, hocalar\u0131m\u0131za ve bu tak\u0131m\u0131n t\u00fcm emek\u00e7ilerine \u00e7ubu\u011fulu for g\u00fcn\u00fcn ve g\u00fcc\u00fcm\u00fcz sahaya tam anlam\u0131yla yans\u0131tt\u0131\u011f\u0131 i\u00e7in sonsuz te\u015fekk\u00fcrler\u2026 Bu iki&#8230;<\/p>\n","protected":false},"excerpt":{"rendered":"<p>Fenerbah\u00e7e Beko, EuroLeague play-off serisi ikinci ma\u00e7\u0131nda Zalgiris Kaunas&#8217;\u0131 86-74 ma\u011flup etti ve durumu 2-0 yapt\u0131. Sar\u0131-Lacivertlilerin d\u00fcn ak\u015famki&#8230;<\/p>\n","protected":false},"author":2,"featured_media":31324,"comment_status":"open","ping_status":"open","sticky":false,"template":"","format":"standard","meta":{"footnotes":""},"categories":[5,7],"tags":[],"class_list":["post-31325","post","type-post","status-publish","format-standard","has-post-thumbnail","hentry","category-son-dakika","category-spor"],"_links":{"self":[{"href":"https:\/\/eskigazeteci.com\/index.php?rest_route=\/wp\/v2\/posts\/31325","targetHints":{"allow":["GET"]}}],"collection":[{"href":"https:\/\/eskigazeteci.com\/index.php?rest_route=\/wp\/v2\/posts"}],"about":[{"href":"https:\/\/eskigazeteci.com\/index.php?rest_route=\/wp\/v2\/types\/post"}],"author":[{"embeddable":true,"href":"https:\/\/eskigazeteci.com\/index.php?rest_route=\/wp\/v2\/users\/2"}],"replies":[{"embeddable":true,"href":"https:\/\/eskigazeteci.com\/index.php?rest_route=%2Fwp%2Fv2%2Fcomments&post=31325"}],"version-history":[{"count":0,"href":"https:\/\/eskigazeteci.com\/index.php?rest_route=\/wp\/v2\/posts\/31325\/revisions"}],"wp:featuredmedia":[{"embeddable":true,"href":"https:\/\/eskigazeteci.com\/index.php?rest_route=\/wp\/v2\/media\/31324"}],"wp:attachment":[{"href":"https:\/\/eskigazeteci.com\/index.php?rest_route=%2Fwp%2Fv2%2Fmedia&parent=31325"}],"wp:term":[{"taxonomy":"category","embeddable":true,"href":"https:\/\/eskigazeteci.com\/index.php?rest_route=%2Fwp%2Fv2%2Fcategories&post=31325"},{"taxonomy":"post_tag","embeddable":true,"href":"https:\/\/eskigazeteci.com\/index.php?rest_route=%2Fwp%2Fv2%2Ftags&post=31325"}],"curies":[{"name":"wp","href":"https:\/\/api.w.org\/{rel}","templated":true}]}}