{"id":31323,"date":"2026-05-01T09:20:34","date_gmt":"2026-05-01T09:20:34","guid":{"rendered":"https:\/\/eskigazeteci.com\/?p=31323"},"modified":"2026-05-01T09:20:34","modified_gmt":"2026-05-01T09:20:34","slug":"fenerbahcede-basaksehir-maci-oncesi-5-eksik","status":"publish","type":"post","link":"https:\/\/eskigazeteci.com\/?p=31323","title":{"rendered":"Fenerbah\u00e7e&#8217;de Ba\u015fak\u015fehir ma\u00e7\u0131 \u00f6ncesi 5 eksik"},"content":{"rendered":"<p>Fenerbah\u00e7e , S\u00fcper Lig &#x27;in 32. haftas\u0131nda yar\u0131n Ba\u015fak\u015fehir&#x27;i konuk edecek.<\/p>\n<p>Chobani Stad\u0131&#x27;nda oynanacak m\u00fcsabaka saat 20.00&#x27;de ba\u015flayacak. Kar\u015f\u0131la\u015fmay\u0131 hakem O\u011fuzhan Aksu y\u00f6netecek.<\/p>\n<p>Ligde 31 ma\u00e7ta 19 galibiyet, 10 beraberlik ve 2 ma\u011flubiyet ya\u015fayan sar\u0131-lacivertliler, 67 puanla 2. s\u0131rada bulunuyor. Ligde oynad\u0131\u011f\u0131 son ma\u00e7ta Galatasaray &#x27;a deplasmanda 3-0 yenilerek bitime 3 hafta kala zirvenin 7 puan gerisinde kalan Fenerbah\u00e7e&#x27;de teknik direkt\u00f6r Domenico Tedesco&#x27;yla yollar ayr\u0131ld\u0131. Sar\u0131-lacivertli tak\u0131m, ligde kalan 3 ma\u00e7a Zeki Murat G\u00f6le y\u00f6netiminde \u00e7\u0131kacak.<\/p>\n<p>Fenerbah\u00e7e, kalan 3 lig ma\u00e7\u0131nda kay\u0131p ya\u015famayarak sezonu UEFA \u015eampiyonlar Ligi potas\u0131nda tamamlamay\u0131 hedefliyor.<\/p>\n<p>FENERBAH\u00c7E&#x27;DE 5 EKS\u0130K<\/p>\n<p>Ba\u015fak\u015fehir m\u00fccadelesi \u00f6ncesinde Fenerbah\u00e7e&#x27;de 5 eksik bulunuyor.<\/p>\n<p>Uzun s\u00fcreli sakatl\u0131\u011f\u0131n\u0131n ard\u0131ndan tak\u0131mla \u00e7al\u0131\u015fmalara ba\u015flayan Edson Alvarez, yar\u0131nki ma\u00e7ta forma giyemeyecek.<\/p>\n<p>Galatasaray deplasman\u0131nda k\u0131rm\u0131z\u0131 kart g\u00f6ren, Profesyonel Futbol Disiplin Kurulu taraf\u0131ndan da ayr\u0131ca 3 ma\u00e7 ceza verilen kaleci Ederson&#x27;un yan\u0131 s\u0131ra sar\u0131 kart cezalar\u0131 bulunan Matteo Guendouzi, Mert M\u00fcld\u00fcr ve Archie Brown da tak\u0131mlar\u0131n\u0131 yaln\u0131z b\u0131rakacak.<\/p>\n<p>Sakatl\u0131\u011f\u0131 bulunan Dorgeles Nene ve bireysel \u00e7al\u0131\u015fmalar\u0131n\u0131&#8230;<\/p>\n","protected":false},"excerpt":{"rendered":"<p>S\u00fcper Lig&#8217;in 32. haftas\u0131nda yar\u0131n Ba\u015fak\u015fehir&#8217;i konuk edecek olan Fenerbah\u00e7e&#8217;de zorlu m\u00fccadele \u00f6ncesi 5 eksik bulunuyor.<\/p>\n","protected":false},"author":2,"featured_media":31322,"comment_status":"open","ping_status":"open","sticky":false,"template":"","format":"standard","meta":{"footnotes":""},"categories":[5,7],"tags":[],"class_list":["post-31323","post","type-post","status-publish","format-standard","has-post-thumbnail","hentry","category-son-dakika","category-spor"],"_links":{"self":[{"href":"https:\/\/eskigazeteci.com\/index.php?rest_route=\/wp\/v2\/posts\/31323","targetHints":{"allow":["GET"]}}],"collection":[{"href":"https:\/\/eskigazeteci.com\/index.php?rest_route=\/wp\/v2\/posts"}],"about":[{"href":"https:\/\/eskigazeteci.com\/index.php?rest_route=\/wp\/v2\/types\/post"}],"author":[{"embeddable":true,"href":"https:\/\/eskigazeteci.com\/index.php?rest_route=\/wp\/v2\/users\/2"}],"replies":[{"embeddable":true,"href":"https:\/\/eskigazeteci.com\/index.php?rest_route=%2Fwp%2Fv2%2Fcomments&post=31323"}],"version-history":[{"count":0,"href":"https:\/\/eskigazeteci.com\/index.php?rest_route=\/wp\/v2\/posts\/31323\/revisions"}],"wp:featuredmedia":[{"embeddable":true,"href":"https:\/\/eskigazeteci.com\/index.php?rest_route=\/wp\/v2\/media\/31322"}],"wp:attachment":[{"href":"https:\/\/eskigazeteci.com\/index.php?rest_route=%2Fwp%2Fv2%2Fmedia&parent=31323"}],"wp:term":[{"taxonomy":"category","embeddable":true,"href":"https:\/\/eskigazeteci.com\/index.php?rest_route=%2Fwp%2Fv2%2Fcategories&post=31323"},{"taxonomy":"post_tag","embeddable":true,"href":"https:\/\/eskigazeteci.com\/index.php?rest_route=%2Fwp%2Fv2%2Ftags&post=31323"}],"curies":[{"name":"wp","href":"https:\/\/api.w.org\/{rel}","templated":true}]}}