{"id":31319,"date":"2026-05-01T09:17:28","date_gmt":"2026-05-01T09:17:28","guid":{"rendered":"https:\/\/eskigazeteci.com\/?p=31319"},"modified":"2026-05-01T09:17:28","modified_gmt":"2026-05-01T09:17:28","slug":"yasarken-bile-kocasini-ona-yar-etmemisti-olumunun-uzerinden-29-yil-gecti-ne-hirsi-bitti-ne-kiskancligi","status":"publish","type":"post","link":"https:\/\/eskigazeteci.com\/?p=31319","title":{"rendered":"Ya\u015farken bile kocas\u0131n\u0131 ona y\u00e2r etmemi\u015fti&#8230; \u00d6l\u00fcm\u00fcn\u00fcn \u00fczerinden 29 y\u0131l ge\u00e7ti&#8230; Ne h\u0131rs\u0131 bitti, ne k\u0131skan\u00e7l\u0131\u011f\u0131"},"content":{"rendered":"<p>S\u00f6ylentiler \u00e7ok ama en yayg\u0131n olan\u0131na g\u00f6re o\u011flu Charles&#x27;\u0131n evli bir kad\u0131n olan Camilla ile ili\u015fkisine hi\u00e7 s\u0131cak bakmayan Krali\u00e7e Elizabeth&#x27;in de katk\u0131s\u0131yla 34 ya\u015f\u0131ndaki Charles, 19 ya\u015f\u0131ndaki Diana Spencer ile evlendi 1981 y\u0131l\u0131nda.<\/p>\n<p>Belki ilk zamanlarda birbirlerini seviyorlard\u0131 ama evlilikleri uzun s\u00fcrmedi. \u0130ki o\u011fullar\u0131 William ile Harry&#x27;nin do\u011fumu da onlar\u0131 bir arada tutmaya yetmedi.<\/p>\n<p>Charles, k\u00fc\u00e7\u00fck o\u011flu Harry&#x27;nin Spare (Yedek) adl\u0131 kitab\u0131nda yazd\u0131\u011f\u0131na g\u00f6re &quot;ikinci bebeklerinin do\u011fdu\u011fu g\u00fcn, taht\u0131 garantiye ald\u0131\u011f\u0131n\u0131, g\u00f6revinin tamamland\u0131\u011f\u0131n\u0131&quot; s\u00f6yleyip sevmekten vazge\u00e7medi\u011fi Camilla&#x27;n\u0131n yan\u0131na d\u00f6nd\u00fc.<\/p>\n<p>Uzun hikayeyi k\u0131saca anlatal\u0131m. Diana ile Charles bo\u015fand\u0131&#8230; Diana, gencecik ya\u015f\u0131nda Paris&#x27;te ge\u00e7irdi\u011fi, gizem perdesi hala tam olarak a\u00e7\u0131lmayan bir trafik kazas\u0131nda hayat\u0131n\u0131 kaybetti.<\/p>\n<p>&#x27;MASUM PRENSES&#x27; \u0130LE &#x27;YUVA YIKAN KADIN&#x27; H\u00c2L\u00c2 AYNI C\u00dcMLEN\u0130N \u00d6ZNES\u0130 2005 y\u0131l\u0131nda da Charles ile Camilla sonunda evlendiler. 2022 y\u0131l\u0131nda Krali\u00e7e 2. Elizabeth&#x27;in \u00f6l\u00fcm\u00fcnden sonra birlikte tahta bile \u00e7\u0131kt\u0131lar.<\/p>\n<p>Bir zamanlar kimsenin ihtimal vermedi\u011fi bir olas\u0131l\u0131k ger\u00e7ekle\u015fti. Diana yerine -ki kendisi zaten bunun olaca\u011f\u0131na asla inanmad\u0131\u011f\u0131n\u0131- s\u00f6ylemi\u015fti- Camilla &quot;krali\u00e7e&quot; unvan\u0131n\u0131 ald\u0131.<\/p>\n<p>B\u00fct\u00fcn bunlar y\u0131llar&#8230;<\/p>\n","protected":false},"excerpt":{"rendered":"<p>B\u00fct\u00fcn d\u00fcnyan\u0131n g\u00f6zleri \u00f6n\u00fcnde ya\u015fanan bir yasak a\u015fk belki a\u015fk \u00fc\u00e7geni belki b\u00fcy\u00fck bir ihanet ya da ad\u0131na ne derseniz deyin \u00f6yle bir durumdu Diana Spencer,&#8230;<\/p>\n","protected":false},"author":2,"featured_media":31318,"comment_status":"open","ping_status":"open","sticky":false,"template":"","format":"standard","meta":{"footnotes":""},"categories":[6,5],"tags":[],"class_list":["post-31319","post","type-post","status-publish","format-standard","has-post-thumbnail","hentry","category-gundem","category-son-dakika"],"_links":{"self":[{"href":"https:\/\/eskigazeteci.com\/index.php?rest_route=\/wp\/v2\/posts\/31319","targetHints":{"allow":["GET"]}}],"collection":[{"href":"https:\/\/eskigazeteci.com\/index.php?rest_route=\/wp\/v2\/posts"}],"about":[{"href":"https:\/\/eskigazeteci.com\/index.php?rest_route=\/wp\/v2\/types\/post"}],"author":[{"embeddable":true,"href":"https:\/\/eskigazeteci.com\/index.php?rest_route=\/wp\/v2\/users\/2"}],"replies":[{"embeddable":true,"href":"https:\/\/eskigazeteci.com\/index.php?rest_route=%2Fwp%2Fv2%2Fcomments&post=31319"}],"version-history":[{"count":0,"href":"https:\/\/eskigazeteci.com\/index.php?rest_route=\/wp\/v2\/posts\/31319\/revisions"}],"wp:featuredmedia":[{"embeddable":true,"href":"https:\/\/eskigazeteci.com\/index.php?rest_route=\/wp\/v2\/media\/31318"}],"wp:attachment":[{"href":"https:\/\/eskigazeteci.com\/index.php?rest_route=%2Fwp%2Fv2%2Fmedia&parent=31319"}],"wp:term":[{"taxonomy":"category","embeddable":true,"href":"https:\/\/eskigazeteci.com\/index.php?rest_route=%2Fwp%2Fv2%2Fcategories&post=31319"},{"taxonomy":"post_tag","embeddable":true,"href":"https:\/\/eskigazeteci.com\/index.php?rest_route=%2Fwp%2Fv2%2Ftags&post=31319"}],"curies":[{"name":"wp","href":"https:\/\/api.w.org\/{rel}","templated":true}]}}