{"id":31317,"date":"2026-05-01T09:15:54","date_gmt":"2026-05-01T09:15:54","guid":{"rendered":"https:\/\/eskigazeteci.com\/?p=31317"},"modified":"2026-05-01T09:15:54","modified_gmt":"2026-05-01T09:15:54","slug":"hafta-sonu-sinav-takvimi-2-3-mayis-2026","status":"publish","type":"post","link":"https:\/\/eskigazeteci.com\/?p=31317","title":{"rendered":"Hafta sonu s\u0131nav takvimi 2-3 May\u0131s 2026"},"content":{"rendered":"<p>\u00d6SYM ve Emniyet Genel M\u00fcd\u00fcrl\u00fc\u011f\u00fc taraf\u0131ndan payla\u015f\u0131lan 2026 y\u0131l\u0131 s\u0131nav takvimine g\u00f6re, 2-3 May\u0131s tarihlerinde T\u00fcrkiye genelinde farkl\u0131 bran\u015flarda kritik oturumlar ger\u00e7ekle\u015ftirilecek. Adaylar\u0131n s\u0131nav binalar\u0131na giri\u015f saatlerindeki 15 dakika kural\u0131na ve yanlar\u0131nda bulundurmalar\u0131 gereken resmi belgelere dikkat etmeleri hayati \u00f6nem ta\u015f\u0131rken, her s\u0131nav\u0131n kendine has uygulama esaslar\u0131 ve oturum s\u00fcreleri bulunuyor. Peki, Bu hafta sonu s\u0131nav var m\u0131, ne s\u0131nav\u0131 yap\u0131lacak, saat ka\u00e7ta?<\/p>\n<p>\u00d6SYM ve Emniyet Genel M\u00fcd\u00fcrl\u00fc\u011f\u00fc taraf\u0131ndan payla\u015f\u0131lan 2026 y\u0131l\u0131 s\u0131nav takvimine g\u00f6re, 2-3 May\u0131s tarihlerinde T\u00fcrkiye genelinde farkl\u0131 bran\u015flarda kritik oturumlar ger\u00e7ekle\u015ftirilecek. Adaylar\u0131n s\u0131nav binalar\u0131na giri\u015f saatlerindeki 15 dakika kural\u0131na ve yanlar\u0131nda bulundurmalar\u0131 gereken resmi belgelere dikkat etmeleri hayati \u00f6nem ta\u015f\u0131rken, her s\u0131nav\u0131n kendine has uygulama esaslar\u0131 ve oturum s\u00fcreleri bulunuyor. Peki, Bu hafta sonu s\u0131nav var m\u0131, ne s\u0131nav\u0131 yap\u0131lacak, saat ka\u00e7ta?<\/p>\n<p>2 May\u0131s Cumartesi 2 May\u0131s 2026 Cumartesi g\u00fcn\u00fc, s\u0131nav maratonu akademik ve teknik oturumlarla ba\u015fl\u0131yor. Cumartesi g\u00fcn\u00fcn\u00fcn en \u00f6nemli g\u00fcndem maddesi, t\u0131p doktorlar\u0131n\u0131n yan dal uzmanl\u0131k e\u011fitimi alabilmeleri i\u00e7in ter d\u00f6kece\u011fi 2026-YDUS (T\u0131pta Yan&#8230;<\/p>\n","protected":false},"excerpt":{"rendered":"<p>2-3 May\u0131s hafta sonu s\u0131nav program\u0131 belli oldu. May\u0131s ay\u0131n\u0131n ilk hafta sonuna girilirken, akademik kariyer hedefleri olan adaylar, dil yeterlili\u011fini&#8230;<\/p>\n","protected":false},"author":2,"featured_media":31316,"comment_status":"open","ping_status":"open","sticky":false,"template":"","format":"standard","meta":{"footnotes":""},"categories":[6,5],"tags":[],"class_list":["post-31317","post","type-post","status-publish","format-standard","has-post-thumbnail","hentry","category-gundem","category-son-dakika"],"_links":{"self":[{"href":"https:\/\/eskigazeteci.com\/index.php?rest_route=\/wp\/v2\/posts\/31317","targetHints":{"allow":["GET"]}}],"collection":[{"href":"https:\/\/eskigazeteci.com\/index.php?rest_route=\/wp\/v2\/posts"}],"about":[{"href":"https:\/\/eskigazeteci.com\/index.php?rest_route=\/wp\/v2\/types\/post"}],"author":[{"embeddable":true,"href":"https:\/\/eskigazeteci.com\/index.php?rest_route=\/wp\/v2\/users\/2"}],"replies":[{"embeddable":true,"href":"https:\/\/eskigazeteci.com\/index.php?rest_route=%2Fwp%2Fv2%2Fcomments&post=31317"}],"version-history":[{"count":0,"href":"https:\/\/eskigazeteci.com\/index.php?rest_route=\/wp\/v2\/posts\/31317\/revisions"}],"wp:featuredmedia":[{"embeddable":true,"href":"https:\/\/eskigazeteci.com\/index.php?rest_route=\/wp\/v2\/media\/31316"}],"wp:attachment":[{"href":"https:\/\/eskigazeteci.com\/index.php?rest_route=%2Fwp%2Fv2%2Fmedia&parent=31317"}],"wp:term":[{"taxonomy":"category","embeddable":true,"href":"https:\/\/eskigazeteci.com\/index.php?rest_route=%2Fwp%2Fv2%2Fcategories&post=31317"},{"taxonomy":"post_tag","embeddable":true,"href":"https:\/\/eskigazeteci.com\/index.php?rest_route=%2Fwp%2Fv2%2Ftags&post=31317"}],"curies":[{"name":"wp","href":"https:\/\/api.w.org\/{rel}","templated":true}]}}