{"id":31311,"date":"2026-05-01T09:05:53","date_gmt":"2026-05-01T09:05:53","guid":{"rendered":"https:\/\/eskigazeteci.com\/?p=31311"},"modified":"2026-05-01T09:05:53","modified_gmt":"2026-05-01T09:05:53","slug":"kenan-karamanin-dunya-kupasi-hayali-milli-takimi-hak-ettigimi-dusunuyorum","status":"publish","type":"post","link":"https:\/\/eskigazeteci.com\/?p=31311","title":{"rendered":"Kenan Karaman&#8217;\u0131n D\u00fcnya Kupas\u0131 hayali: &#8216;Milli tak\u0131m\u0131 hak etti\u011fimi d\u00fc\u015f\u00fcn\u00fcyorum&#8217;"},"content":{"rendered":"<p>Ligde bitime 3 hafta kala en yak\u0131n rakibinin \u00f6n\u00fcnde 6 puan farkla lider durumda bulunan Schalke 04&#x27;\u00fcn kaptan\u0131 milli futbolcu Kenan Karaman, bu sezonki performans\u0131, milli tak\u0131m hedefi ve Be\u015fikta\u015f g\u00fcnleriyle ilgili a\u00e7\u0131klamalarda bulundu.<\/p>\n<p>Schalke 04, yar\u0131n oynanacak Fortuna D\u00fcsseldorf m\u00fccadelesinden galibiyetle ayr\u0131lmas\u0131 durumunda Bundesliga&#x27;ya y\u00fckselmeyi garantileyecek. \u00c7ok \u00f6nemli bir m\u00fccadeleye \u00e7\u0131kacaklar\u0131n\u0131n alt\u0131n\u0131 \u00e7izen Kenan Karaman, t\u00fcm \u015fehrin, taraftarlar\u0131n ve tak\u0131m\u0131n yeniden 1. Lig&#x27;de olmay\u0131 bekledi\u011fini dile getirdi.<\/p>\n<p>&quot;SEZON BA\u015eINDA BUNU BEKLEM\u0130YORDUK&quot;<\/p>\n<p>\u0130nsanlar\u0131 mutlu etmek istedikleri belirten Kenan Karaman, &quot;Sezon bizim ad\u0131m\u0131za iyi ge\u00e7iyor. Bunu bu sezon ba\u015f\u0131nda beklemiyorduk. Hoca, kul\u00fcp ve tak\u0131m olarak \u00e7ok iyi performans g\u00f6sterdik. Bundesliga&#x27;ya d\u00f6n\u00fc\u015f\u00fc de hak etti\u011fimizi d\u00fc\u015f\u00fcn\u00fcyorum.&quot; diye konu\u015ftu.<\/p>\n<p>Ge\u00e7en hafta en yak\u0131n takip\u00e7ileri Paderborn ile oynanan ma\u00e7la ilgili de konu\u015fan Kenan Karaman, &quot;\u0130nan\u0131lmaz bir ma\u00e7 oldu, bizim ad\u0131m\u0131za \u00e7ok \u00f6nemli bir kar\u015f\u0131la\u015fmayd\u0131. 2-0 gerideydik ve sonra ma\u00e7\u0131 \u00e7evirip Bundesliga&#x27;ya bir ad\u0131m daha yakla\u015ft\u0131k. Ma\u00e7tan sonra duygular\u0131m \u00e7ok y\u00fcksekti. Tak\u0131m olarak ortala karakter koydu\u011fumuzu d\u00fc\u015f\u00fcn\u00fcyorum. \u00c7ok kilit bir m\u00fccadeleydi, \u00e7ok \u00f6nemli bir&#8230;<\/p>\n","protected":false},"excerpt":{"rendered":"<p>Almanya 2. Ligi&#8217;nde zirvede yer alan Schalke 04&#8217;\u00fcn kaptan\u0131 Kenan Karaman, Almanya 1. Ligi&#8217;ne (Bundesliga) y\u00fckselip milli tak\u0131mla da D\u00fcnya Kupas\u0131&#8217;na gitmeyi&#8230;<\/p>\n","protected":false},"author":2,"featured_media":31310,"comment_status":"open","ping_status":"open","sticky":false,"template":"","format":"standard","meta":{"footnotes":""},"categories":[5,7],"tags":[],"class_list":["post-31311","post","type-post","status-publish","format-standard","has-post-thumbnail","hentry","category-son-dakika","category-spor"],"_links":{"self":[{"href":"https:\/\/eskigazeteci.com\/index.php?rest_route=\/wp\/v2\/posts\/31311","targetHints":{"allow":["GET"]}}],"collection":[{"href":"https:\/\/eskigazeteci.com\/index.php?rest_route=\/wp\/v2\/posts"}],"about":[{"href":"https:\/\/eskigazeteci.com\/index.php?rest_route=\/wp\/v2\/types\/post"}],"author":[{"embeddable":true,"href":"https:\/\/eskigazeteci.com\/index.php?rest_route=\/wp\/v2\/users\/2"}],"replies":[{"embeddable":true,"href":"https:\/\/eskigazeteci.com\/index.php?rest_route=%2Fwp%2Fv2%2Fcomments&post=31311"}],"version-history":[{"count":0,"href":"https:\/\/eskigazeteci.com\/index.php?rest_route=\/wp\/v2\/posts\/31311\/revisions"}],"wp:featuredmedia":[{"embeddable":true,"href":"https:\/\/eskigazeteci.com\/index.php?rest_route=\/wp\/v2\/media\/31310"}],"wp:attachment":[{"href":"https:\/\/eskigazeteci.com\/index.php?rest_route=%2Fwp%2Fv2%2Fmedia&parent=31311"}],"wp:term":[{"taxonomy":"category","embeddable":true,"href":"https:\/\/eskigazeteci.com\/index.php?rest_route=%2Fwp%2Fv2%2Fcategories&post=31311"},{"taxonomy":"post_tag","embeddable":true,"href":"https:\/\/eskigazeteci.com\/index.php?rest_route=%2Fwp%2Fv2%2Ftags&post=31311"}],"curies":[{"name":"wp","href":"https:\/\/api.w.org\/{rel}","templated":true}]}}