{"id":31309,"date":"2026-05-01T08:59:03","date_gmt":"2026-05-01T08:59:03","guid":{"rendered":"https:\/\/eskigazeteci.com\/?p=31309"},"modified":"2026-05-01T08:59:03","modified_gmt":"2026-05-01T08:59:03","slug":"otomobil-refuje-carpti-1-olu-3-yarali","status":"publish","type":"post","link":"https:\/\/eskigazeteci.com\/?p=31309","title":{"rendered":"Otomobil ref\u00fcje \u00e7arpt\u0131: 1 \u00f6l\u00fc, 3 yaral\u0131"},"content":{"rendered":"<p>Kaza, saat 06.30 s\u0131ralar\u0131nda Karab\u00fck -Kastamonu kara yolunda meydana geldi. Recep \u00c7.\u2019nin (53) kontrol\u00fcn\u00fc kaybetti\u011fi 34 VR 6848 plakal\u0131 otomobil, \u00f6nce ref\u00fcje, ard\u0131ndan ayd\u0131nlatma dire\u011fine \u00e7arpt\u0131. Yoldan ge\u00e7en di\u011fer s\u00fcr\u00fcc\u00fclerin ihbar\u0131yla olay yerine sa\u011fl\u0131k, polis, itfaiye ve AFAD ekipleri sevk edildi. Sa\u011fl\u0131k ekiplerinin yapt\u0131\u011f\u0131 kontrolde, ara\u00e7taki Ay\u015fe \u00c7elebi\u2019nin hayat\u0131n\u0131 kaybetti\u011fi belirlendi. Kazada yaralanan s\u00fcr\u00fcc\u00fc Recep \u00c7. ile Hasan \u00c7. (84) ve Hamide A. (60) ambulanslarla Karab\u00fck E\u011fitim ve Ara\u015ft\u0131rma Hastanesi\u2019ne kald\u0131r\u0131ld\u0131. Yaral\u0131lardan Hasan \u00c7. ve Hamide A.\u2019n\u0131n hayati tehlikesinin bulundu\u011fu belirtildi. Ay\u015fe \u00c7elebi&#x27;nin cans\u0131z bedeni de Safranbolu Devlet Hastanesi morguna kald\u0131r\u0131ld\u0131.<\/p>\n<p>Kazayla ilgili soru\u015fturma ba\u015flat\u0131ld\u0131.<\/p>\n<p>T\u00fcrkiye g\u00fcndeminden son dakika haberleri, bug\u00fcn ya\u015fanan en son geli\u015fmeler, siyaset g\u00fcndeminden g\u00fcncel haberler ve b\u00fct\u00fcn son dakika haberleri i\u00e7in H\u00fcrriyet&#x27;in internet haber sitesi hurriyet.com.tr; Hurriyet.com.tr haber i\u00e7erikleri kaynak g\u00f6sterilmeden al\u0131nt\u0131 yap\u0131lamaz, Kanuna ayk\u0131r\u0131 ve izinsiz olarak kopyalanamaz, ba\u015fka yerde yay\u0131nlanamaz.<\/p>\n","protected":false},"excerpt":{"rendered":"<p>Karab\u00fck\u2019\u00fcn Safranbolu il\u00e7esinde ref\u00fcje \u00e7arpan otomobildeki Ay\u015fe \u00c7elebi (76) hayat\u0131n\u0131 kaybetti, 2&#8217;si a\u011f\u0131r, 3 ki\u015fi yaraland\u0131.<\/p>\n","protected":false},"author":2,"featured_media":31308,"comment_status":"open","ping_status":"open","sticky":false,"template":"","format":"standard","meta":{"footnotes":""},"categories":[6,5],"tags":[],"class_list":["post-31309","post","type-post","status-publish","format-standard","has-post-thumbnail","hentry","category-gundem","category-son-dakika"],"_links":{"self":[{"href":"https:\/\/eskigazeteci.com\/index.php?rest_route=\/wp\/v2\/posts\/31309","targetHints":{"allow":["GET"]}}],"collection":[{"href":"https:\/\/eskigazeteci.com\/index.php?rest_route=\/wp\/v2\/posts"}],"about":[{"href":"https:\/\/eskigazeteci.com\/index.php?rest_route=\/wp\/v2\/types\/post"}],"author":[{"embeddable":true,"href":"https:\/\/eskigazeteci.com\/index.php?rest_route=\/wp\/v2\/users\/2"}],"replies":[{"embeddable":true,"href":"https:\/\/eskigazeteci.com\/index.php?rest_route=%2Fwp%2Fv2%2Fcomments&post=31309"}],"version-history":[{"count":0,"href":"https:\/\/eskigazeteci.com\/index.php?rest_route=\/wp\/v2\/posts\/31309\/revisions"}],"wp:featuredmedia":[{"embeddable":true,"href":"https:\/\/eskigazeteci.com\/index.php?rest_route=\/wp\/v2\/media\/31308"}],"wp:attachment":[{"href":"https:\/\/eskigazeteci.com\/index.php?rest_route=%2Fwp%2Fv2%2Fmedia&parent=31309"}],"wp:term":[{"taxonomy":"category","embeddable":true,"href":"https:\/\/eskigazeteci.com\/index.php?rest_route=%2Fwp%2Fv2%2Fcategories&post=31309"},{"taxonomy":"post_tag","embeddable":true,"href":"https:\/\/eskigazeteci.com\/index.php?rest_route=%2Fwp%2Fv2%2Ftags&post=31309"}],"curies":[{"name":"wp","href":"https:\/\/api.w.org\/{rel}","templated":true}]}}