{"id":31307,"date":"2026-05-01T08:57:30","date_gmt":"2026-05-01T08:57:30","guid":{"rendered":"https:\/\/eskigazeteci.com\/?p=31307"},"modified":"2026-05-01T08:57:30","modified_gmt":"2026-05-01T08:57:30","slug":"hava-sicakliklari-dustu-bahari-beklerken-gune-kar-yagisiyla-basladilar","status":"publish","type":"post","link":"https:\/\/eskigazeteci.com\/?p=31307","title":{"rendered":"Hava s\u0131cakl\u0131klar\u0131 d\u00fc\u015ft\u00fc: Bahar\u0131 beklerken g\u00fcne kar ya\u011f\u0131\u015f\u0131yla ba\u015flad\u0131lar"},"content":{"rendered":"<p>Sakarya&#8217;n\u0131n Hendek il\u00e7esindeki y\u00fcksek rak\u0131ml\u0131 \u00c7i\u011fdem Yaylas\u0131&#8217;nda may\u0131s ay\u0131nda kar ya\u011f\u0131\u015f\u0131 etkili oldu. B\u00f6lge halk\u0131 g\u00fcne kar ya\u011f\u0131\u015f\u0131 ile uyand\u0131.<\/p>\n","protected":false},"excerpt":{"rendered":"<p>Sakarya&#8217;n\u0131n Hendek il\u00e7esindeki y\u00fcksek rak\u0131ml\u0131 \u00c7i\u011fdem Yaylas\u0131&#8217;nda may\u0131s ay\u0131nda kar ya\u011f\u0131\u015f\u0131 etkili oldu. B\u00f6lge halk\u0131 g\u00fcne kar ya\u011f\u0131\u015f\u0131 ile uyand\u0131.<\/p>\n","protected":false},"author":2,"featured_media":31306,"comment_status":"open","ping_status":"open","sticky":false,"template":"","format":"standard","meta":{"footnotes":""},"categories":[6,5],"tags":[],"class_list":["post-31307","post","type-post","status-publish","format-standard","has-post-thumbnail","hentry","category-gundem","category-son-dakika"],"_links":{"self":[{"href":"https:\/\/eskigazeteci.com\/index.php?rest_route=\/wp\/v2\/posts\/31307","targetHints":{"allow":["GET"]}}],"collection":[{"href":"https:\/\/eskigazeteci.com\/index.php?rest_route=\/wp\/v2\/posts"}],"about":[{"href":"https:\/\/eskigazeteci.com\/index.php?rest_route=\/wp\/v2\/types\/post"}],"author":[{"embeddable":true,"href":"https:\/\/eskigazeteci.com\/index.php?rest_route=\/wp\/v2\/users\/2"}],"replies":[{"embeddable":true,"href":"https:\/\/eskigazeteci.com\/index.php?rest_route=%2Fwp%2Fv2%2Fcomments&post=31307"}],"version-history":[{"count":0,"href":"https:\/\/eskigazeteci.com\/index.php?rest_route=\/wp\/v2\/posts\/31307\/revisions"}],"wp:featuredmedia":[{"embeddable":true,"href":"https:\/\/eskigazeteci.com\/index.php?rest_route=\/wp\/v2\/media\/31306"}],"wp:attachment":[{"href":"https:\/\/eskigazeteci.com\/index.php?rest_route=%2Fwp%2Fv2%2Fmedia&parent=31307"}],"wp:term":[{"taxonomy":"category","embeddable":true,"href":"https:\/\/eskigazeteci.com\/index.php?rest_route=%2Fwp%2Fv2%2Fcategories&post=31307"},{"taxonomy":"post_tag","embeddable":true,"href":"https:\/\/eskigazeteci.com\/index.php?rest_route=%2Fwp%2Fv2%2Ftags&post=31307"}],"curies":[{"name":"wp","href":"https:\/\/api.w.org\/{rel}","templated":true}]}}