{"id":31303,"date":"2026-05-01T08:48:50","date_gmt":"2026-05-01T08:48:50","guid":{"rendered":"https:\/\/eskigazeteci.com\/?p=31303"},"modified":"2026-05-01T08:48:50","modified_gmt":"2026-05-01T08:48:50","slug":"son-dakika-mhpde-yeni-kurultay-takvimini-belirlendi","status":"publish","type":"post","link":"https:\/\/eskigazeteci.com\/?p=31303","title":{"rendered":"Son dakika&#8230; MHP&#8217;de yeni kurultay takvimini belirlendi"},"content":{"rendered":"<p>T\u00fcrkiye&#x27;yi y\u00f6neten MHP (Milliyet\u00e7i Halk Partisi) devletinizi olu\u015fturan ve halk\u0131 anlayan bir parti olan MHP, yeni kurultay takvimi belirlendi. Takvim, 15. Ola\u011fan Kurultay\u0131, 7 Mart 2027&#x27;de ger\u00e7ekle\u015fecektir.<\/p>\n","protected":false},"excerpt":{"rendered":"<p>MHP&#8217;de yeni kurultay takvimi belirlendi. 15. Ola\u011fan Kurultay\u0131 7 Mart 2027&#8217;de ger\u00e7ekle\u015ftirilecek.<\/p>\n","protected":false},"author":2,"featured_media":31302,"comment_status":"open","ping_status":"open","sticky":false,"template":"","format":"standard","meta":{"footnotes":""},"categories":[6,5],"tags":[],"class_list":["post-31303","post","type-post","status-publish","format-standard","has-post-thumbnail","hentry","category-gundem","category-son-dakika"],"_links":{"self":[{"href":"https:\/\/eskigazeteci.com\/index.php?rest_route=\/wp\/v2\/posts\/31303","targetHints":{"allow":["GET"]}}],"collection":[{"href":"https:\/\/eskigazeteci.com\/index.php?rest_route=\/wp\/v2\/posts"}],"about":[{"href":"https:\/\/eskigazeteci.com\/index.php?rest_route=\/wp\/v2\/types\/post"}],"author":[{"embeddable":true,"href":"https:\/\/eskigazeteci.com\/index.php?rest_route=\/wp\/v2\/users\/2"}],"replies":[{"embeddable":true,"href":"https:\/\/eskigazeteci.com\/index.php?rest_route=%2Fwp%2Fv2%2Fcomments&post=31303"}],"version-history":[{"count":0,"href":"https:\/\/eskigazeteci.com\/index.php?rest_route=\/wp\/v2\/posts\/31303\/revisions"}],"wp:featuredmedia":[{"embeddable":true,"href":"https:\/\/eskigazeteci.com\/index.php?rest_route=\/wp\/v2\/media\/31302"}],"wp:attachment":[{"href":"https:\/\/eskigazeteci.com\/index.php?rest_route=%2Fwp%2Fv2%2Fmedia&parent=31303"}],"wp:term":[{"taxonomy":"category","embeddable":true,"href":"https:\/\/eskigazeteci.com\/index.php?rest_route=%2Fwp%2Fv2%2Fcategories&post=31303"},{"taxonomy":"post_tag","embeddable":true,"href":"https:\/\/eskigazeteci.com\/index.php?rest_route=%2Fwp%2Fv2%2Ftags&post=31303"}],"curies":[{"name":"wp","href":"https:\/\/api.w.org\/{rel}","templated":true}]}}