{"id":31301,"date":"2026-05-01T08:47:24","date_gmt":"2026-05-01T08:47:24","guid":{"rendered":"https:\/\/eskigazeteci.com\/?p=31301"},"modified":"2026-05-01T08:47:24","modified_gmt":"2026-05-01T08:47:24","slug":"adalet-bakanligindan-16-yeni-uluslararasi-adli-is-birligi-burosu","status":"publish","type":"post","link":"https:\/\/eskigazeteci.com\/?p=31301","title":{"rendered":"Adalet Bakanl\u0131\u011f\u0131&#8217;ndan 16 yeni Uluslararas\u0131 Adli \u0130\u015f Birli\u011fi B\u00fcrosu"},"content":{"rendered":"<p>Adalet Bakanl\u0131\u011f\u0131 D\u0131\u015f \u0130li\u015fkiler ve Avrupa Birli\u011fi Genel M\u00fcd\u00fcrl\u00fc\u011f\u00fc&#x27;nce haz\u0131rlanan genelgede, cezai konularda uluslararas\u0131 adli i\u015f birli\u011fi i\u015flemlerinin, 6706 say\u0131l\u0131 Cezai Konularda Uluslararas\u0131 Adli \u0130\u015f Birli\u011fi Kanunu ile T\u00fcrkiye&#x27;nin taraf oldu\u011fu milletleraras\u0131 antla\u015fmalar veya bunlar\u0131n bulunmamas\u0131 halinde uluslararas\u0131 team\u00fcl hukuku kurallar\u0131 ve m\u00fctekabiliyet ilkesi \u00e7er\u00e7evesinde y\u00fcr\u00fct\u00fcld\u00fc\u011f\u00fc belirtildi. Uluslararas\u0131 adli i\u015f birli\u011fi taleplerinin usul\u00fcne uygun ve makul s\u00fcrede yerine getirilebilmesi i\u00e7in yeterli bilgi ve donan\u0131m\u0131n yan\u0131 s\u0131ra, etkin koordinasyonun \u00f6nem arz etti\u011fi vurguland\u0131. Genelgede, &quot;Bu koordinasyonun etkin bir \u015fekilde sa\u011flanmas\u0131n\u0131 teminen 1 \u015eubat 2024 tarihli ve 183 No&#x27;lu &#x27;Cezai Konularda Uluslararas\u0131 Adli \u0130\u015f Birli\u011fi B\u00fcrolar\u0131n\u0131n Kurulmas\u0131&#x27; konulu bakanl\u0131\u011f\u0131m\u0131z genelgesi ile cezai konularda uluslararas\u0131 adli i\u015f birli\u011fi alan\u0131ndaki dosya yo\u011funluklar\u0131 g\u00f6zetilerek ilk a\u015famada Ankara, Antalya, Bak\u0131rk\u00f6y, Gaziosmanpa\u015fa, \u0130stanbul, \u0130stanbul Anadolu ve \u0130zmir Cumhuriyet Ba\u015fsavc\u0131l\u0131klar\u0131 b\u00fcnyesinde &#x27;Cezai Konularda Uluslararas\u0131 Adli \u0130\u015f Birli\u011fi B\u00fcrolar\u0131&#x27; kurulmu\u015f olup, ilerleyen s\u00fcre\u00e7te ise ihtiyaca g\u00f6re bakanl\u0131\u011f\u0131m\u0131z\u0131n uygun g\u00f6rece\u011fi di\u011fer adliyelerde de bu uygulaman\u0131n&#8230;<\/p>\n","protected":false},"excerpt":{"rendered":"<p>Adalet Bakanl\u0131\u011f\u0131, uluslararas\u0131 cezai adli i\u015f birli\u011fi s\u00fcre\u00e7lerini daha h\u0131zl\u0131, etkin ve koordineli hale getirmek i\u00e7in 4 ilde faaliyet g\u00f6steren 6 adet &#8216;Cezai&#8230;<\/p>\n","protected":false},"author":2,"featured_media":31300,"comment_status":"open","ping_status":"open","sticky":false,"template":"","format":"standard","meta":{"footnotes":""},"categories":[6,5],"tags":[],"class_list":["post-31301","post","type-post","status-publish","format-standard","has-post-thumbnail","hentry","category-gundem","category-son-dakika"],"_links":{"self":[{"href":"https:\/\/eskigazeteci.com\/index.php?rest_route=\/wp\/v2\/posts\/31301","targetHints":{"allow":["GET"]}}],"collection":[{"href":"https:\/\/eskigazeteci.com\/index.php?rest_route=\/wp\/v2\/posts"}],"about":[{"href":"https:\/\/eskigazeteci.com\/index.php?rest_route=\/wp\/v2\/types\/post"}],"author":[{"embeddable":true,"href":"https:\/\/eskigazeteci.com\/index.php?rest_route=\/wp\/v2\/users\/2"}],"replies":[{"embeddable":true,"href":"https:\/\/eskigazeteci.com\/index.php?rest_route=%2Fwp%2Fv2%2Fcomments&post=31301"}],"version-history":[{"count":0,"href":"https:\/\/eskigazeteci.com\/index.php?rest_route=\/wp\/v2\/posts\/31301\/revisions"}],"wp:featuredmedia":[{"embeddable":true,"href":"https:\/\/eskigazeteci.com\/index.php?rest_route=\/wp\/v2\/media\/31300"}],"wp:attachment":[{"href":"https:\/\/eskigazeteci.com\/index.php?rest_route=%2Fwp%2Fv2%2Fmedia&parent=31301"}],"wp:term":[{"taxonomy":"category","embeddable":true,"href":"https:\/\/eskigazeteci.com\/index.php?rest_route=%2Fwp%2Fv2%2Fcategories&post=31301"},{"taxonomy":"post_tag","embeddable":true,"href":"https:\/\/eskigazeteci.com\/index.php?rest_route=%2Fwp%2Fv2%2Ftags&post=31301"}],"curies":[{"name":"wp","href":"https:\/\/api.w.org\/{rel}","templated":true}]}}