{"id":31295,"date":"2026-05-01T08:38:52","date_gmt":"2026-05-01T08:38:52","guid":{"rendered":"https:\/\/eskigazeteci.com\/?p=31295"},"modified":"2026-05-01T08:38:52","modified_gmt":"2026-05-01T08:38:52","slug":"unlu-sunucu-kansere-yakalandigini-canli-yayinda-acikladi-bir-sure-ayri-kalacagiz","status":"publish","type":"post","link":"https:\/\/eskigazeteci.com\/?p=31295","title":{"rendered":"\u00dcnl\u00fc sunucu kansere yakaland\u0131\u011f\u0131n\u0131 canl\u0131 yay\u0131nda a\u00e7\u0131klad\u0131: Bir s\u00fcre ayr\u0131 kalaca\u011f\u0131z"},"content":{"rendered":"<p>NBC sunucusu Sara Gore, meme kanseri te\u015fhisi konuldu\u011funu ve tedavi aray\u0131\u015f\u0131 i\u00e7in \u201cOpen House\u201d ve \u201cNew York Live\u201d programlar\u0131ndaki sunuculuk g\u00f6revlerinden bir s\u00fcreli\u011fine ayr\u0131laca\u011f\u0131n\u0131 a\u00e7\u0131klad\u0131.<\/p>\n<p>49 ya\u015f\u0131ndaki Gore, d\u00fcn yay\u0131nlanan \u201cNew York Live\u201d program\u0131nda, \u201cSize kendim s\u00f6ylemeliydim, do\u011fru olan\u0131n bu oldu\u011funu hissettim, bana yak\u0131n zaman \u00f6nce meme kanseri te\u015fhisi konuldu ve tedavi ve ameliyat i\u00e7in bir s\u00fcreli\u011fine i\u015fimden ayr\u0131laca\u011f\u0131m\u201d dedi.<\/p>\n<p>Annesi ve k\u0131z karde\u015fine de ayn\u0131 hastal\u0131k te\u015fhisi konulduktan sonra, Sara Gore bir g\u00fcn benzer bir te\u015fhis alaca\u011f\u0131n\u0131 \u201ctahmin etti\u011fini\u201d a\u00e7\u0131klad\u0131. Ancak, o g\u00fcn\u00fcn gelece\u011fine haz\u0131rl\u0131kl\u0131 de\u011fildi.<\/p>\n<p>\u00dcnl\u00fc sunucu izleyicilerinin \u00f6n\u00fcnde \u201cBiraz korkmad\u0131\u011f\u0131m\u0131 s\u00f6ylersem yalan s\u00f6ylemi\u015f olurum.\u201d dedi.<\/p>\n<p>\u201cHer zaman y\u00fcksek risk grubunda oldu\u011fumu biliyordum. Bu g\u00fcn\u00fcn gelece\u011fini her zaman tahmin ediyordum. Ama size s\u00f6yleyeyim, asla haz\u0131r olmuyorsunuz\u201d diyen Sara Gore, ald\u0131\u011f\u0131 bu haber kar\u015f\u0131s\u0131nda \u201chaz\u0131rl\u0131ks\u0131z yakaland\u0131\u011f\u0131n\u0131\u201d hissetti\u011fini de s\u00f6zlerine ekledi.<\/p>\n<p>\u201cNedense hi\u00e7bir zaman haz\u0131r olam\u0131yorsunuz, \u00e7\u00fcnk\u00fc her \u015feyi do\u011fru yapt\u0131\u011f\u0131n\u0131z i\u00e7in erken te\u015fhis edilse bile, duygusal bir darbe oluyor.\u201d diyen \u00fcnl\u00fc sunucu \u201cBuna haz\u0131r de\u011fildim. Bu beni ger\u00e7ekten \u015fa\u015f\u0131rtt\u0131. Ger\u00e7ekten can\u0131m\u0131&#8230;<\/p>\n","protected":false},"excerpt":{"rendered":"<p>Televizyon ekranlar\u0131n\u0131n sevilen programlar\u0131n\u0131 sunan \u00fcnl\u00fc sunucu izleyicilerini hem \u015fa\u015f\u0131rt\u0131p hem de \u00fczerek meme kanserine yakaland\u0131\u011f\u0131n\u0131 canl\u0131 yay\u0131n yapt\u0131\u011f\u0131&#8230;<\/p>\n","protected":false},"author":2,"featured_media":31294,"comment_status":"open","ping_status":"open","sticky":false,"template":"","format":"standard","meta":{"footnotes":""},"categories":[6,5],"tags":[],"class_list":["post-31295","post","type-post","status-publish","format-standard","has-post-thumbnail","hentry","category-gundem","category-son-dakika"],"_links":{"self":[{"href":"https:\/\/eskigazeteci.com\/index.php?rest_route=\/wp\/v2\/posts\/31295","targetHints":{"allow":["GET"]}}],"collection":[{"href":"https:\/\/eskigazeteci.com\/index.php?rest_route=\/wp\/v2\/posts"}],"about":[{"href":"https:\/\/eskigazeteci.com\/index.php?rest_route=\/wp\/v2\/types\/post"}],"author":[{"embeddable":true,"href":"https:\/\/eskigazeteci.com\/index.php?rest_route=\/wp\/v2\/users\/2"}],"replies":[{"embeddable":true,"href":"https:\/\/eskigazeteci.com\/index.php?rest_route=%2Fwp%2Fv2%2Fcomments&post=31295"}],"version-history":[{"count":0,"href":"https:\/\/eskigazeteci.com\/index.php?rest_route=\/wp\/v2\/posts\/31295\/revisions"}],"wp:featuredmedia":[{"embeddable":true,"href":"https:\/\/eskigazeteci.com\/index.php?rest_route=\/wp\/v2\/media\/31294"}],"wp:attachment":[{"href":"https:\/\/eskigazeteci.com\/index.php?rest_route=%2Fwp%2Fv2%2Fmedia&parent=31295"}],"wp:term":[{"taxonomy":"category","embeddable":true,"href":"https:\/\/eskigazeteci.com\/index.php?rest_route=%2Fwp%2Fv2%2Fcategories&post=31295"},{"taxonomy":"post_tag","embeddable":true,"href":"https:\/\/eskigazeteci.com\/index.php?rest_route=%2Fwp%2Fv2%2Ftags&post=31295"}],"curies":[{"name":"wp","href":"https:\/\/api.w.org\/{rel}","templated":true}]}}