{"id":31293,"date":"2026-05-01T08:37:21","date_gmt":"2026-05-01T08:37:21","guid":{"rendered":"https:\/\/eskigazeteci.com\/?p=31293"},"modified":"2026-05-01T08:37:21","modified_gmt":"2026-05-01T08:37:21","slug":"zerrin-ozerin-abla-acisi-tulay-ozer-hayatini-kaybetti","status":"publish","type":"post","link":"https:\/\/eskigazeteci.com\/?p=31293","title":{"rendered":"Zerrin \u00d6zer&#8217;in abla ac\u0131s\u0131&#8230; T\u00fclay \u00d6zer hayat\u0131n\u0131 kaybetti&#8230;"},"content":{"rendered":"<p>Zerrin \u00d6zer&#x27;in ablas\u0131 olan ve karde\u015fini m\u00fczik d\u00fcnyas\u0131na kazand\u0131ran T\u00fclay \u00d6zer 79 ya\u015f\u0131ndayd\u0131..<\/p>\n<p>RAK\u0130P DE\u011e\u0130L, DESTEK\u00c7\u0130..<\/p>\n<p>T\u00fclay \u00d6zer, m\u00fczik kariyerine 1974 y\u0131l\u0131nda yay\u0131mlad\u0131\u011f\u0131 ilk 45\u2019li\u011fi \u201cGel Art\u0131k \/ Niye \u00c7att\u0131n Ka\u015flar\u0131n\u0131\u201d ile ad\u0131m att\u0131. Sanat\u00e7\u0131n\u0131n as\u0131l \u00e7\u0131k\u0131\u015f\u0131 ise 1975 y\u0131l\u0131nda ger\u00e7ekle\u015fti. Ayn\u0131 y\u0131l\u0131n ba\u015f\u0131nda Kent Plak etiketiyle piyasaya \u00e7\u0131kan \u201c\u0130kimiz Bir Fidan\u0131z \/ Son \u00dcmit\u201d adl\u0131 45\u2019lik, T\u00fclay\u2019a k\u0131sa s\u00fcrede geni\u015f bir dinleyici kitlesi kazand\u0131rd\u0131. Sanat\u00e7\u0131, ilk kez sahne ald\u0131\u011f\u0131 \u0130zmir Fuar\u0131\u2019nda bu ba\u015far\u0131s\u0131n\u0131n kar\u015f\u0131l\u0131\u011f\u0131n\u0131 Alt\u0131n Plak \u00d6d\u00fcl\u00fc ile ald\u0131.<\/p>\n<p>T\u00fclay \u00d6zer, 1975\u2019in sonlar\u0131na do\u011fru yay\u0131mlad\u0131\u011f\u0131 \u201cDeli Etme Beni A\u015fk \/ Neden Ayr\u0131ld\u0131k\u201d adl\u0131 ikinci hit 45\u2019li\u011fiyle ba\u015far\u0131s\u0131n\u0131 s\u00fcrd\u00fcrd\u00fc ve 1976 y\u0131l\u0131na da damga vuran isimlerden biri oldu. Sanat\u00e7\u0131, bir ucu Anadolu pop\u2019a di\u011fer ucu arabesk m\u00fczi\u011fe uzanan \u00e7izgide, Esin Engin d\u00fczenlemeleriyle dikkat \u00e7eken \u015fark\u0131lar seslendirdi. Bu d\u00f6nemde a\u011f\u0131rl\u0131kl\u0131 olarak Hakk\u0131 Bulut ve Bora Ayano\u011flu gibi \u00f6nemli bestecilerin eserlerini yeniden yorumlad\u0131.<\/p>\n<p>Sanat\u00e7\u0131n\u0131n ilk uzun\u00e7alar\u0131 (LP), 1976 y\u0131l\u0131nda Kent Plak etiketiyle yay\u0131mland\u0131. \u0130kinci LP\u2019si \u201cSeven A\u011flat\u0131lmaz\u201d ise 1978 y\u0131l\u0131n\u0131n sonunda yine ayn\u0131 \u015firket taraf\u0131ndan m\u00fczikseverlerle bulu\u015ftu. T\u00fclay \u00d6zer, ayn\u0131 y\u0131l bu kez&#8230;<\/p>\n","protected":false},"excerpt":{"rendered":"<p>70&#8217;li y\u0131llarda yay\u0131nlad\u0131\u011f\u0131 alb\u00fcmler ile T\u00fcrk m\u00fczi\u011fine damga vuran T\u00fclay \u00d6zer, hayat\u0131n\u0131 kaybetti.<\/p>\n","protected":false},"author":2,"featured_media":31292,"comment_status":"open","ping_status":"open","sticky":false,"template":"","format":"standard","meta":{"footnotes":""},"categories":[6,5],"tags":[],"class_list":["post-31293","post","type-post","status-publish","format-standard","has-post-thumbnail","hentry","category-gundem","category-son-dakika"],"_links":{"self":[{"href":"https:\/\/eskigazeteci.com\/index.php?rest_route=\/wp\/v2\/posts\/31293","targetHints":{"allow":["GET"]}}],"collection":[{"href":"https:\/\/eskigazeteci.com\/index.php?rest_route=\/wp\/v2\/posts"}],"about":[{"href":"https:\/\/eskigazeteci.com\/index.php?rest_route=\/wp\/v2\/types\/post"}],"author":[{"embeddable":true,"href":"https:\/\/eskigazeteci.com\/index.php?rest_route=\/wp\/v2\/users\/2"}],"replies":[{"embeddable":true,"href":"https:\/\/eskigazeteci.com\/index.php?rest_route=%2Fwp%2Fv2%2Fcomments&post=31293"}],"version-history":[{"count":0,"href":"https:\/\/eskigazeteci.com\/index.php?rest_route=\/wp\/v2\/posts\/31293\/revisions"}],"wp:featuredmedia":[{"embeddable":true,"href":"https:\/\/eskigazeteci.com\/index.php?rest_route=\/wp\/v2\/media\/31292"}],"wp:attachment":[{"href":"https:\/\/eskigazeteci.com\/index.php?rest_route=%2Fwp%2Fv2%2Fmedia&parent=31293"}],"wp:term":[{"taxonomy":"category","embeddable":true,"href":"https:\/\/eskigazeteci.com\/index.php?rest_route=%2Fwp%2Fv2%2Fcategories&post=31293"},{"taxonomy":"post_tag","embeddable":true,"href":"https:\/\/eskigazeteci.com\/index.php?rest_route=%2Fwp%2Fv2%2Ftags&post=31293"}],"curies":[{"name":"wp","href":"https:\/\/api.w.org\/{rel}","templated":true}]}}