{"id":31289,"date":"2026-05-01T08:20:28","date_gmt":"2026-05-01T08:20:28","guid":{"rendered":"https:\/\/eskigazeteci.com\/?p=31289"},"modified":"2026-05-01T08:20:28","modified_gmt":"2026-05-01T08:20:28","slug":"fenerbahcede-klopp-sesleri-baskan-adayi-gorustu","status":"publish","type":"post","link":"https:\/\/eskigazeteci.com\/?p=31289","title":{"rendered":"Fenerbah\u00e7e&#8217;de Klopp sesleri! Ba\u015fkan aday\u0131 g\u00f6r\u00fc\u015ft\u00fc"},"content":{"rendered":"<p>Sezonu hayal k\u0131r\u0131kl\u0131\u011f\u0131 ile ge\u00e7iren Fenerbah\u00e7e &#x27;de derbi ma\u011flubiyetinin ard\u0131ndan teknik direkt\u00f6r Domenico Tedesco ile yollar ayr\u0131lm\u0131\u015f ve kul\u00fcp y\u00f6netimi de ola\u011fan\u00fcst\u00fc genel kurula gitmek karar\u0131 alm\u0131\u015ft\u0131.<\/p>\n<p>Bu geli\u015fmelerin \u00fczerine Fenerbah\u00e7e&#x27;de ba\u015fkan adaylar\u0131 bir bir belli olurken, teknik direkt\u00f6rl\u00fck koltu\u011fu i\u00e7in de geli\u015fmeler ya\u015fanmaya ba\u015flad\u0131.<\/p>\n<p>Y\u0131llar sonra bir kez daha Fenerbah\u00e7e ba\u015fkanl\u0131\u011f\u0131na aday olmaya haz\u0131rlanan Mehmet Ali Ayd\u0131nlar ve ekibi, se\u00e7im \u00f6ncesi \u00e7\u0131tay\u0131 \u015fimdiden y\u00fckseltmi\u015f durumda. Ayd\u0131nlar, Fenerbah\u00e7e&#x27;ye y\u00fckl\u00fc bir b\u00fct\u00e7e ile gelmeyi ve g\u00fc\u00e7l\u00fc kadro, g\u00fc\u00e7l\u00fc teknik ekip olu\u015fturmay\u0131 planl\u0131yor.<\/p>\n<p>Se\u00e7im \u00f6ncesi t\u00fcm ba\u015fkan adaylar\u0131, teknik adamlarla temaslara ba\u015flad\u0131. Mehmet Ali Ayd\u0131nlar \u2019\u0131n ise son olarak Liverpool&#x27;u \u00e7al\u0131\u015ft\u0131ran J\u00fcrgen Klopp ile bir g\u00f6r\u00fc\u015fme ger\u00e7ekle\u015ftirdi\u011fi iddia edildi.<\/p>\n<p>Klopp cephesinin \u015fu an i\u00e7in net bir karar vermedi\u011fi ve Red Bull Global Direkt\u00f6r\u00fc olarak g\u00f6revini s\u00fcrd\u00fcrmeyi bir kenarda tutmak istedi\u011fi ortaya \u00e7\u0131kt\u0131. Real Madrid ve Almanya Milli Tak\u0131m\u0131 ile de ismi an\u0131lan Klopp&#x27;un gelece\u011fi yaz aylar\u0131nda netle\u015fecek.<\/p>\n<p>T\u00fcrkiye&#x27;den ve D\u00fcnya\u2019dan son dakika haberleri, k\u00f6\u015fe yaz\u0131lar\u0131, magazinden siyasete, spordan seyahate b\u00fct\u00fcn konular\u0131n tek adresi Hurriyet.com.tr haber&#8230;<\/p>\n","protected":false},"excerpt":{"rendered":"<p>Fenerbah\u00e7e&#8217;de yap\u0131lacak ba\u015fkanl\u0131k se\u00e7imi \u00f6ncesi, adaylar teknik direkt\u00f6rlerle g\u00f6r\u00fc\u015fmelere ba\u015flad\u0131. Sar\u0131 lacivertlilerde bu kez J\u00fcrgen Klopp ismi \u00f6ne \u00e7\u0131kt\u0131.<\/p>\n","protected":false},"author":2,"featured_media":31288,"comment_status":"open","ping_status":"open","sticky":false,"template":"","format":"standard","meta":{"footnotes":""},"categories":[5,7],"tags":[],"class_list":["post-31289","post","type-post","status-publish","format-standard","has-post-thumbnail","hentry","category-son-dakika","category-spor"],"_links":{"self":[{"href":"https:\/\/eskigazeteci.com\/index.php?rest_route=\/wp\/v2\/posts\/31289","targetHints":{"allow":["GET"]}}],"collection":[{"href":"https:\/\/eskigazeteci.com\/index.php?rest_route=\/wp\/v2\/posts"}],"about":[{"href":"https:\/\/eskigazeteci.com\/index.php?rest_route=\/wp\/v2\/types\/post"}],"author":[{"embeddable":true,"href":"https:\/\/eskigazeteci.com\/index.php?rest_route=\/wp\/v2\/users\/2"}],"replies":[{"embeddable":true,"href":"https:\/\/eskigazeteci.com\/index.php?rest_route=%2Fwp%2Fv2%2Fcomments&post=31289"}],"version-history":[{"count":0,"href":"https:\/\/eskigazeteci.com\/index.php?rest_route=\/wp\/v2\/posts\/31289\/revisions"}],"wp:featuredmedia":[{"embeddable":true,"href":"https:\/\/eskigazeteci.com\/index.php?rest_route=\/wp\/v2\/media\/31288"}],"wp:attachment":[{"href":"https:\/\/eskigazeteci.com\/index.php?rest_route=%2Fwp%2Fv2%2Fmedia&parent=31289"}],"wp:term":[{"taxonomy":"category","embeddable":true,"href":"https:\/\/eskigazeteci.com\/index.php?rest_route=%2Fwp%2Fv2%2Fcategories&post=31289"},{"taxonomy":"post_tag","embeddable":true,"href":"https:\/\/eskigazeteci.com\/index.php?rest_route=%2Fwp%2Fv2%2Ftags&post=31289"}],"curies":[{"name":"wp","href":"https:\/\/api.w.org\/{rel}","templated":true}]}}