{"id":31287,"date":"2026-05-01T08:18:56","date_gmt":"2026-05-01T08:18:56","guid":{"rendered":"https:\/\/eskigazeteci.com\/?p=31287"},"modified":"2026-05-01T08:18:56","modified_gmt":"2026-05-01T08:18:56","slug":"domenico-tedesco-istanbuldan-ayrildi","status":"publish","type":"post","link":"https:\/\/eskigazeteci.com\/?p=31287","title":{"rendered":"Domenico Tedesco, \u0130stanbul&#8217;dan ayr\u0131ld\u0131"},"content":{"rendered":"<p>Fenerbah\u00e7e &#x27;nin, S\u00fcper Lig&#x27;in 31. haftas\u0131nda deplasmanda Galatasaray &#x27;a 3-0 kaybettikleri derbinin ard\u0131ndan yollar\u0131n\u0131 ay\u0131rd\u0131\u011f\u0131 Teknik Direkt\u00f6r Domenico Tedesco, \u0130stanbul&#x27;dan ayr\u0131ld\u0131.<\/p>\n<p>TARAFTAR YALNIZ BIRAKMADI<\/p>\n<p>\u0130stanbul Havaliman\u0131&#x27;na gelen Tedesco&#x27;ya burada taraftarlar yo\u011fun ilgi g\u00f6sterirken, \u0130talyan teknik adam da onlar\u0131n foto\u011fraf ve imza isteklerini geri \u00e7evirmedi. Bu s\u0131rada duygusal anlar ya\u015fan\u0131rken, baz\u0131 taraftarlar\u0131n da g\u00f6zya\u015flar\u0131na hakim olmad\u0131\u011f\u0131 g\u00f6r\u00fcld\u00fc.<\/p>\n<p>Bas\u0131n mensuplar\u0131na herhangi bir a\u00e7\u0131klamada bulunmayan Domenico Tedesco , pasaport i\u015flemlerinin ard\u0131ndan Almanya \u2019n\u0131n Stuttgart kentine gitmek \u00fczere u\u00e7a\u011fa ge\u00e7ti.<\/p>\n<p>T\u00fcrkiye&#x27;den ve D\u00fcnya\u2019dan son dakika haberleri, k\u00f6\u015fe yaz\u0131lar\u0131, magazinden siyasete, spordan seyahate b\u00fct\u00fcn konular\u0131n tek adresi Hurriyet.com.tr haber i\u00e7erikleri izin al\u0131nmadan, kaynak g\u00f6sterilerek dahi iktibas edilemez. Kanuna ayk\u0131r\u0131 ve izinsiz olarak kopyalanamaz, ba\u015fka yerde yay\u0131nlanamaz.<\/p>\n","protected":false},"excerpt":{"rendered":"<p>Fenerbah\u00e7e&#8217;nin g\u00f6revine son verdi\u011fi \u0130talyan teknik direkt\u00f6r Domenico Tedesco, \u0130stanbul&#8217;dan ayr\u0131larak Almanya&#8217;ya gitti.<\/p>\n","protected":false},"author":2,"featured_media":31286,"comment_status":"open","ping_status":"open","sticky":false,"template":"","format":"standard","meta":{"footnotes":""},"categories":[5,7],"tags":[],"class_list":["post-31287","post","type-post","status-publish","format-standard","has-post-thumbnail","hentry","category-son-dakika","category-spor"],"_links":{"self":[{"href":"https:\/\/eskigazeteci.com\/index.php?rest_route=\/wp\/v2\/posts\/31287","targetHints":{"allow":["GET"]}}],"collection":[{"href":"https:\/\/eskigazeteci.com\/index.php?rest_route=\/wp\/v2\/posts"}],"about":[{"href":"https:\/\/eskigazeteci.com\/index.php?rest_route=\/wp\/v2\/types\/post"}],"author":[{"embeddable":true,"href":"https:\/\/eskigazeteci.com\/index.php?rest_route=\/wp\/v2\/users\/2"}],"replies":[{"embeddable":true,"href":"https:\/\/eskigazeteci.com\/index.php?rest_route=%2Fwp%2Fv2%2Fcomments&post=31287"}],"version-history":[{"count":0,"href":"https:\/\/eskigazeteci.com\/index.php?rest_route=\/wp\/v2\/posts\/31287\/revisions"}],"wp:featuredmedia":[{"embeddable":true,"href":"https:\/\/eskigazeteci.com\/index.php?rest_route=\/wp\/v2\/media\/31286"}],"wp:attachment":[{"href":"https:\/\/eskigazeteci.com\/index.php?rest_route=%2Fwp%2Fv2%2Fmedia&parent=31287"}],"wp:term":[{"taxonomy":"category","embeddable":true,"href":"https:\/\/eskigazeteci.com\/index.php?rest_route=%2Fwp%2Fv2%2Fcategories&post=31287"},{"taxonomy":"post_tag","embeddable":true,"href":"https:\/\/eskigazeteci.com\/index.php?rest_route=%2Fwp%2Fv2%2Ftags&post=31287"}],"curies":[{"name":"wp","href":"https:\/\/api.w.org\/{rel}","templated":true}]}}