{"id":31283,"date":"2026-05-01T08:15:51","date_gmt":"2026-05-01T08:15:51","guid":{"rendered":"https:\/\/eskigazeteci.com\/?p=31283"},"modified":"2026-05-01T08:15:51","modified_gmt":"2026-05-01T08:15:51","slug":"1-mayista-bugun-kuaforler-ve-berberler-acik-mi-resmi-tatilde-berber-ve-kuaforler-calisiyor-mu","status":"publish","type":"post","link":"https:\/\/eskigazeteci.com\/?p=31283","title":{"rendered":"1 May\u0131s&#8217;ta bug\u00fcn kuaf\u00f6rler ve berberler a\u00e7\u0131k m\u0131? Resmi Tatilde berber ve kuaf\u00f6rler \u00e7al\u0131\u015f\u0131yor mu?"},"content":{"rendered":"<p>1 May\u0131s&#x27;ta kuaf\u00f6r ve berberler a\u00e7\u0131k m\u0131, \u00e7al\u0131\u015f\u0131yor mu? Bug\u00fcn 1 May\u0131s nedeniyle kuaf\u00f6r ve berbere gidecekler merak i\u00e7erisinde bu sorunun cevab\u0131n\u0131 ara\u015ft\u0131r\u0131yor. Bilindi\u011fi \u00fczere bug\u00fcn bir\u00e7ok kurum ve kurulu\u015f resmi tatil nedeniyle kapal\u0131 olacak. Peki, 1 May\u0131s&#x27;ta kuaf\u00f6r ve berberler a\u00e7\u0131k m\u0131, \u00e7al\u0131\u015f\u0131yor mu? \u0130\u015fte merak edilen sorunun cevab\u0131&#8230;<\/p>\n<p>1 May\u0131s&#x27;ta kuaf\u00f6r ve berberler a\u00e7\u0131k m\u0131, \u00e7al\u0131\u015f\u0131yor mu? Bug\u00fcn 1 May\u0131s nedeniyle kuaf\u00f6r ve berbere gidecekler merak i\u00e7erisinde bu sorunun cevab\u0131n\u0131 ara\u015ft\u0131r\u0131yor. Bilindi\u011fi \u00fczere bug\u00fcn bir\u00e7ok kurum ve kurulu\u015f resmi tatil nedeniyle kapal\u0131 olacak. Peki, 1 May\u0131s&#x27;ta kuaf\u00f6r ve berberler a\u00e7\u0131k m\u0131, \u00e7al\u0131\u015f\u0131yor mu? \u0130\u015fte merak edilen sorunun cevab\u0131&#8230;<\/p>\n<p>1 May\u0131s resmi tatil resmi kurum ve kurulu\u015flar bug\u00fcn kapal\u0131. Ancak berber ve kuaf\u00f6rler \u00f6zel kurulu\u015flar oldu\u011fu i\u00e7in t\u00fcm berber ve kuaf\u00f6rler kapal\u0131 olmayacak.<\/p>\n<p>1 May\u0131s resmi tatil resmi kurum ve kurulu\u015flar bug\u00fcn kapal\u0131. Ancak berber ve kuaf\u00f6rler \u00f6zel kurulu\u015flar oldu\u011fu i\u00e7in t\u00fcm berber ve kuaf\u00f6rler kapal\u0131 olmayacak.<\/p>\n<p>G\u00fczellik merkezleri de t\u0131pk\u0131 kuaf\u00f6r ve berberler gibi y\u00f6netimlerinin tercihine g\u00f6re kapal\u0131 olacak. Ancak resmi kurulu\u015f olmad\u0131\u011f\u0131 i\u00e7in bir\u00e7ok g\u00fczellik merkezi a\u00e7\u0131k olacak.<\/p>\n<p>G\u00fczellik merkezleri de t\u0131pk\u0131 kuaf\u00f6r ve&#8230;<\/p>\n","protected":false},"excerpt":{"rendered":"<p>1 May\u0131s&#8217;ta bug\u00fcn kuaf\u00f6rler a\u00e7\u0131k m\u0131? Bilindi\u011fi \u00fczere 1 May\u0131s Emek ve Dayan\u0131\u015fma G\u00fcn\u00fc ve resmi tatil olarak kutlan\u0131yor. Bu nedenle bug\u00fcn bir\u00e7ok kurum ve kurulu\u015f&#8230;<\/p>\n","protected":false},"author":2,"featured_media":31282,"comment_status":"open","ping_status":"open","sticky":false,"template":"","format":"standard","meta":{"footnotes":""},"categories":[6,5],"tags":[],"class_list":["post-31283","post","type-post","status-publish","format-standard","has-post-thumbnail","hentry","category-gundem","category-son-dakika"],"_links":{"self":[{"href":"https:\/\/eskigazeteci.com\/index.php?rest_route=\/wp\/v2\/posts\/31283","targetHints":{"allow":["GET"]}}],"collection":[{"href":"https:\/\/eskigazeteci.com\/index.php?rest_route=\/wp\/v2\/posts"}],"about":[{"href":"https:\/\/eskigazeteci.com\/index.php?rest_route=\/wp\/v2\/types\/post"}],"author":[{"embeddable":true,"href":"https:\/\/eskigazeteci.com\/index.php?rest_route=\/wp\/v2\/users\/2"}],"replies":[{"embeddable":true,"href":"https:\/\/eskigazeteci.com\/index.php?rest_route=%2Fwp%2Fv2%2Fcomments&post=31283"}],"version-history":[{"count":0,"href":"https:\/\/eskigazeteci.com\/index.php?rest_route=\/wp\/v2\/posts\/31283\/revisions"}],"wp:featuredmedia":[{"embeddable":true,"href":"https:\/\/eskigazeteci.com\/index.php?rest_route=\/wp\/v2\/media\/31282"}],"wp:attachment":[{"href":"https:\/\/eskigazeteci.com\/index.php?rest_route=%2Fwp%2Fv2%2Fmedia&parent=31283"}],"wp:term":[{"taxonomy":"category","embeddable":true,"href":"https:\/\/eskigazeteci.com\/index.php?rest_route=%2Fwp%2Fv2%2Fcategories&post=31283"},{"taxonomy":"post_tag","embeddable":true,"href":"https:\/\/eskigazeteci.com\/index.php?rest_route=%2Fwp%2Fv2%2Ftags&post=31283"}],"curies":[{"name":"wp","href":"https:\/\/api.w.org\/{rel}","templated":true}]}}