{"id":31281,"date":"2026-05-01T08:10:28","date_gmt":"2026-05-01T08:10:28","guid":{"rendered":"https:\/\/eskigazeteci.com\/?p=31281"},"modified":"2026-05-01T08:10:28","modified_gmt":"2026-05-01T08:10:28","slug":"adanada-sulama-kanalina-dusup-kaybolmustu-yusuf-ayikin-cansiz-bedeni-bulundu","status":"publish","type":"post","link":"https:\/\/eskigazeteci.com\/?p=31281","title":{"rendered":"Adana&#8217;da sulama kanal\u0131na d\u00fc\u015f\u00fcp kaybolmu\u015ftu! Yusuf Ay\u0131k&#8217;\u0131n cans\u0131z bedeni bulundu"},"content":{"rendered":"<p>Y\u00fcre\u011fir il\u00e7esi Tahsilli Mahallesi&#x27;nde d\u00fcn saat 22.30 s\u0131ralar\u0131nda arkada\u015f\u0131yla sulama kanal\u0131 k\u0131y\u0131s\u0131na gelen Yusuf Ay\u0131k, bir s\u00fcre burada oturup, sohbet etti. Daha sonra dengesini kaybetti\u011fi \u00f6ne s\u00fcr\u00fclen Ay\u0131k, sulama kanal\u0131na d\u00fc\u015ft\u00fc. Ak\u0131nt\u0131ya kap\u0131lan Yusuf Ay\u0131k, suda s\u00fcr\u00fcklenmeye ba\u015flad\u0131. Y\u00fczme bilmedi\u011fi iddia edilen Ay\u0131k, bir s\u00fcre sonra suda kayboldu.<\/p>\n<p>\u00c7evredekilerin ihbar\u0131 \u00fczerine b\u00f6lgeye polis, sa\u011fl\u0131k ve itfaiye ekipleri sevk edildi. Savc\u0131l\u0131k talimat\u0131yla kanala verilen su kesilirken, k\u0131y\u0131 boyunca arama yapan ekipler Yusuf Ay\u0131k&#x27;a ula\u015famad\u0131.<\/p>\n<p>Su Alt\u0131 Grup Amirli\u011fi ekipleri ara verilen \u00e7al\u0131\u015fmaya sabah saatlerinde yeniden ba\u015flad\u0131. Suyun kesilmesiyle bo\u015falan kanalda arama yapan ekipler, Ay\u0131k&#x27;\u0131n cans\u0131z bedenini d\u00fc\u015ft\u00fc\u011f\u00fc yerden yakla\u015f\u0131k 6 kilometre uzakl\u0131kta buldu. Dalg\u0131\u00e7 polislerin k\u0131y\u0131ya \u00e7\u0131kard\u0131\u011f\u0131 Yusuf Ay\u0131k &#x27;\u0131n cesedi, olay yerindeki incelemenin ard\u0131ndan Adana Adli T\u0131p Kurumu&#x27;nun morguna g\u00f6t\u00fcr\u00fcld\u00fc.<\/p>\n<p>Olaya ili\u015fkin ba\u015flat\u0131lan soru\u015fturma s\u00fcr\u00fcyor.<\/p>\n<p>T\u00fcrkiye g\u00fcndeminden son dakika haberleri, bug\u00fcn ya\u015fanan en son geli\u015fmeler, siyaset g\u00fcndeminden g\u00fcncel haberler ve b\u00fct\u00fcn son dakika haberleri i\u00e7in H\u00fcrriyet&#x27;in internet haber sitesi hurriyet.com.tr; Hurriyet.com.tr haber i\u00e7erikleri kaynak&#8230;<\/p>\n","protected":false},"excerpt":{"rendered":"<p>Adana&#8217;n\u0131n Y\u00fcre\u011fir il\u00e7esinde sulama kanal\u0131na d\u00fc\u015f\u00fcp kaybolan 25 ya\u015f\u0131ndaki Yusuf Ay\u0131k\u2019\u0131n cans\u0131z bedeni bulundu. Dalg\u0131\u00e7 polislerin sudan kanaldan \u00e7\u0131kard\u0131\u011f\u0131&#8230;<\/p>\n","protected":false},"author":2,"featured_media":31280,"comment_status":"open","ping_status":"open","sticky":false,"template":"","format":"standard","meta":{"footnotes":""},"categories":[6,5],"tags":[],"class_list":["post-31281","post","type-post","status-publish","format-standard","has-post-thumbnail","hentry","category-gundem","category-son-dakika"],"_links":{"self":[{"href":"https:\/\/eskigazeteci.com\/index.php?rest_route=\/wp\/v2\/posts\/31281","targetHints":{"allow":["GET"]}}],"collection":[{"href":"https:\/\/eskigazeteci.com\/index.php?rest_route=\/wp\/v2\/posts"}],"about":[{"href":"https:\/\/eskigazeteci.com\/index.php?rest_route=\/wp\/v2\/types\/post"}],"author":[{"embeddable":true,"href":"https:\/\/eskigazeteci.com\/index.php?rest_route=\/wp\/v2\/users\/2"}],"replies":[{"embeddable":true,"href":"https:\/\/eskigazeteci.com\/index.php?rest_route=%2Fwp%2Fv2%2Fcomments&post=31281"}],"version-history":[{"count":0,"href":"https:\/\/eskigazeteci.com\/index.php?rest_route=\/wp\/v2\/posts\/31281\/revisions"}],"wp:featuredmedia":[{"embeddable":true,"href":"https:\/\/eskigazeteci.com\/index.php?rest_route=\/wp\/v2\/media\/31280"}],"wp:attachment":[{"href":"https:\/\/eskigazeteci.com\/index.php?rest_route=%2Fwp%2Fv2%2Fmedia&parent=31281"}],"wp:term":[{"taxonomy":"category","embeddable":true,"href":"https:\/\/eskigazeteci.com\/index.php?rest_route=%2Fwp%2Fv2%2Fcategories&post=31281"},{"taxonomy":"post_tag","embeddable":true,"href":"https:\/\/eskigazeteci.com\/index.php?rest_route=%2Fwp%2Fv2%2Ftags&post=31281"}],"curies":[{"name":"wp","href":"https:\/\/api.w.org\/{rel}","templated":true}]}}